{"id":26013536,"date":"2023-10-24T10:52:38","date_gmt":"2023-10-24T08:52:38","guid":{"rendered":"https:\/\/sc-herrajes.com\/blog\/un-sejour-memorable-au-sicam\/"},"modified":"2025-10-30T09:32:23","modified_gmt":"2025-10-30T08:32:23","slug":"un-sejour-memorable-au-sicam","status":"publish","type":"post","link":"https:\/\/sc-herrajes.com\/fr\/blog\/un-sejour-memorable-au-sicam\/","title":{"rendered":"Un s\u00e9jour m\u00e9morable au SICAM"},"content":{"rendered":"<p>[et_pb_section fb_built=\u00a0\u00bb1&Prime; _builder_version=\u00a0\u00bb4.16&Prime; _module_preset=\u00a0\u00bbdefault\u00a0\u00bb da_disable_devices=\u00a0\u00bboff|off|off\u00a0\u00bb global_colors_info=\u00a0\u00bb{}\u00a0\u00bb theme_builder_area=\u00a0\u00bbpost_content\u00a0\u00bb da_is_popup=\u00a0\u00bboff\u00a0\u00bb da_exit_intent=\u00a0\u00bboff\u00a0\u00bb da_has_close=\u00a0\u00bbon\u00a0\u00bb da_alt_close=\u00a0\u00bboff\u00a0\u00bb da_dark_close=\u00a0\u00bboff\u00a0\u00bb da_not_modal=\u00a0\u00bbon\u00a0\u00bb da_is_singular=\u00a0\u00bboff\u00a0\u00bb da_with_loader=\u00a0\u00bboff\u00a0\u00bb da_has_shadow=\u00a0\u00bbon\u00a0\u00bb][et_pb_row _builder_version=\u00a0\u00bb4.16&Prime; _module_preset=\u00a0\u00bbdefault\u00a0\u00bb global_colors_info=\u00a0\u00bb{}\u00a0\u00bb theme_builder_area=\u00a0\u00bbpost_content\u00a0\u00bb][et_pb_column type=\u00a0\u00bb4_4&Prime; _builder_version=\u00a0\u00bb4.16&Prime; _module_preset=\u00a0\u00bbdefault\u00a0\u00bb global_colors_info=\u00a0\u00bb{}\u00a0\u00bb theme_builder_area=\u00a0\u00bbpost_content\u00a0\u00bb][et_pb_text _builder_version=\u00a0\u00bb4.22.2&Prime; text_font=\u00a0\u00bbArial||||||||\u00a0\u00bb link_font=\u00a0\u00bbMontserrat|700|||||||\u00a0\u00bb background_size=\u00a0\u00bbinitial\u00a0\u00bb background_position=\u00a0\u00bbtop_left\u00a0\u00bb background_repeat=\u00a0\u00bbrepeat\u00a0\u00bb locked=\u00a0\u00bboff\u00a0\u00bb global_colors_info=\u00a0\u00bb{}\u00a0\u00bb theme_builder_area=\u00a0\u00bbpost_content\u00a0\u00bb]<\/p>\n<p>Dans le billet d&rsquo;aujourd&rsquo;hui, nous aimerions vous faire part de notre s\u00e9jour et de nos impressions au SICAM, le salon international des composants, accessoires et produits semi-finis pour l&rsquo;industrie du meuble en Italie.<\/p>\n<p>Les 17, 18, 19 et 20 octobre derniers, l&rsquo;\u00e9quipe commerciale de Sc Herrajes a rejoint des milliers de professionnels du secteur \u00e0 Pordenone dans le but de r\u00e9pondre aux nouvelles demandes du march\u00e9 et de pr\u00e9senter nos derniers produits et finitions pour les poign\u00e9es, les profil\u00e9s et l&rsquo;\u00e9clairage LED.<\/p>\n<p>Notre stand \u00e9tait organis\u00e9 par des pr\u00e9sentoirs obliques et un \u00eelot de pr\u00e9sentoirs aimant\u00e9s, les produits \u00e9tant distribu\u00e9s dans un ordre de pr\u00e9sentation coh\u00e9rent en fonction du style, du design et de la finition.<\/p>\n<p>Cette ann\u00e9e, nous avons mis l&rsquo;accent sur l&rsquo;introduction de processus industriels innovants et durables, tels que la finition PVD du bronze, un processus respectueux de l&rsquo;environnement qui ne lib\u00e8re pas de produits chimiques dans l&rsquo;air et ne g\u00e9n\u00e8re pas de d\u00e9chets toxiques.<\/p>\n<p>Gr\u00e2ce au d\u00e9p\u00f4t physique en phase vapeur (PVD), cette finition est plus dure et plus r\u00e9sistante \u00e0 l&rsquo;usure, comme les rayures ou la perte de couleur, ce qui se traduit par une finition et une brillance plus durables. Chez Sc Herrajes, nous nous effor\u00e7ons de mettre sur le march\u00e9 des produits de haute qualit\u00e9 qui sont \u00ab\u00a0pour la vie\u00a0\u00bb, ainsi qu&rsquo;une esth\u00e9tique innovante et intemporelle. Le bronze est une couleur tr\u00e8s polyvalente et tr\u00e8s tendance, qui se combine parfaitement avec une grande vari\u00e9t\u00e9 de couleurs et de mat\u00e9riaux.  <\/p>\n<p>[\/et_pb_text][\/et_pb_column][\/et_pb_row][et_pb_row _builder_version=\u00a0\u00bb4.21.0&Prime; _module_preset=\u00a0\u00bbdefault\u00a0\u00bb global_colors_info=\u00a0\u00bb{}\u00a0\u00bb theme_builder_area=\u00a0\u00bbpost_content\u00a0\u00bb][et_pb_column type=\u00a0\u00bb4_4&Prime; _builder_version=\u00a0\u00bb4.21.0&Prime; _module_preset=\u00a0\u00bbdefault\u00a0\u00bb global_colors_info=\u00a0\u00bb{}\u00a0\u00bb theme_builder_area=\u00a0\u00bbpost_content\u00a0\u00bb][et_pb_image src=\u00a0\u00bbhttps:\/\/sc-herrajes.com\/wp-content\/uploads\/2023\/10\/Blog-SICAM.jpg\u00a0\u00bb title_text=\u00a0\u00bbSICAM-Blog\u00a0\u00bb align=\u00a0\u00bbcenter\u00a0\u00bb _builder_version=\u00a0\u00bb4.22.2&Prime; _module_preset=\u00a0\u00bbdefault\u00a0\u00bb global_colors_info=\u00a0\u00bb{}\u00a0\u00bb theme_builder_area=\u00a0\u00bbpost_content\u00a0\u00bb][\/et_pb_image][et_pb_text _builder_version=\u00a0\u00bb4.22.2&Prime; text_font=\u00a0\u00bbArial||||||||\u00a0\u00bb link_font=\u00a0\u00bbMontserrat|700|||||||\u00a0\u00bb header_2_font=\u00a0\u00bbArtifak||||||||\u00a0\u00bb background_size=\u00a0\u00bbinitial\u00a0\u00bb background_position=\u00a0\u00bbtop_left\u00a0\u00bb background_repeat=\u00a0\u00bbrepeat\u00a0\u00bb locked=\u00a0\u00bboff\u00a0\u00bb global_colors_info=\u00a0\u00bb{}\u00a0\u00bb theme_builder_area=\u00a0\u00bbpost_content\u00a0\u00bb]<\/p>\n<p>Parmi nos produits les plus pertinents, le profil\u00e9 861 et le profil\u00e9 de gola 759 sont ceux qui ont suscit\u00e9 le plus d&rsquo;impact et d&rsquo;int\u00e9r\u00eat aupr\u00e8s de nos visiteurs. Sa g\u00e9om\u00e9trie stri\u00e9e rompt avec l&rsquo;esth\u00e9tique lisse traditionnelle et apporte une nouvelle valeur au design du mobilier. Il s&rsquo;agit d&rsquo;un profil\u00e9 d\u00e9coratif innovant et diff\u00e9rent qui permet d&rsquo;incorporer la lumi\u00e8re Led dans la 759 pour donner plus d&rsquo;\u00e9l\u00e9gance et de vision \u00e0 l&rsquo;espace. Son exposition dans notre \u00eelot central a captiv\u00e9 les spectateurs lorsqu&rsquo;ils l&rsquo;ont vu illumin\u00e9 et en action.   <\/p>\n<p>[\/et_pb_text][et_pb_video src=\u00a0\u00bbhttps:\/\/sc-herrajes.com\/wp-content\/uploads\/2023\/10\/Video-Luz-DED.mp4&Prime; _builder_version=\u00a0\u00bb4.22.2&Prime; _module_preset=\u00a0\u00bbdefault\u00a0\u00bb global_colors_info=\u00a0\u00bb{}\u00a0\u00bb theme_builder_area=\u00a0\u00bbpost_content\u00a0\u00bb][\/et_pb_video][et_pb_text _builder_version=\u00a0\u00bb4.22.2&Prime; text_font=\u00a0\u00bbArial||||||||\u00a0\u00bb link_font=\u00a0\u00bbMontserrat|700|||||||\u00a0\u00bb header_2_font=\u00a0\u00bbArtifak||||||||\u00a0\u00bb background_size=\u00a0\u00bbinitial\u00a0\u00bb background_position=\u00a0\u00bbtop_left\u00a0\u00bb background_repeat=\u00a0\u00bbrepeat\u00a0\u00bb hover_enabled=\u00a0\u00bb0&Prime; locked=\u00a0\u00bboff\u00a0\u00bb global_colors_info=\u00a0\u00bb{}\u00a0\u00bb theme_builder_area=\u00a0\u00bbpost_content\u00a0\u00bb sticky_enabled=\u00a0\u00bb0&Prime;]<\/p>\n<p>Notez \u00e9galement notre s\u00e9lection de poign\u00e9es longues, parfaites pour les meubles de cuisine verticaux ou d&rsquo;autres types d&rsquo;armoires. Ces poign\u00e9es apportent une esth\u00e9tique contemporaine \u00e0 n&rsquo;importe quel meuble et sont con\u00e7ues pour attirer l&rsquo;attention sans dominer l&rsquo;espace. La simplicit\u00e9 des lignes longues est combin\u00e9e \u00e0 la fonctionnalit\u00e9, ce qui en fait un choix polyvalent pour tout type d&rsquo;espace.  <\/p>\n<p>&nbsp;<\/p>\n<p>[\/et_pb_text][et_pb_image src=\u00a0\u00bbhttps:\/\/sc-herrajes.com\/wp-content\/uploads\/2023\/10\/Blog-SICAM-1.jpg\u00a0\u00bb title_text=\u00a0\u00bbBlog-SICAM-1&Prime; align=\u00a0\u00bbcenter\u00a0\u00bb _builder_version=\u00a0\u00bb4.22.2&Prime; _module_preset=\u00a0\u00bbdefault\u00a0\u00bb global_colors_info=\u00a0\u00bb{}\u00a0\u00bb theme_builder_area=\u00a0\u00bbpost_content\u00a0\u00bb][\/et_pb_image][et_pb_text _builder_version=\u00a0\u00bb4.22.2&Prime; text_font=\u00a0\u00bbArial||||||||\u00a0\u00bb link_font=\u00a0\u00bbMontserrat|700|||||||\u00a0\u00bb header_2_font=\u00a0\u00bbArtifak||||||||\u00a0\u00bb background_size=\u00a0\u00bbinitial\u00a0\u00bb background_position=\u00a0\u00bbtop_left\u00a0\u00bb background_repeat=\u00a0\u00bbrepeat\u00a0\u00bb locked=\u00a0\u00bboff\u00a0\u00bb global_colors_info=\u00a0\u00bb{}\u00a0\u00bb theme_builder_area=\u00a0\u00bbpost_content\u00a0\u00bb]<\/p>\n<p>Apr\u00e8s quatre jours passionnants, nous quittons le SICAM avec un sentiment d&rsquo;accomplissement et de gratitude. Nous sommes reconnaissants \u00e0 tous ceux qui sont venus \u00e0 notre stand et \u00e0 nos grands amis de l&rsquo;industrie qui ont partag\u00e9 cette exp\u00e9rience avec nous. Nous sommes impatients de reprendre l&rsquo;inspiration et les relations que nous avons acquises au SICAM dans notre travail quotidien et de continuer \u00e0 \u00e9lever les normes en mati\u00e8re de design et de qualit\u00e9.  <\/p>\n<p>Restez \u00e0 l&rsquo;\u00e9coute de nos r\u00e9seaux et de notre site web pour en savoir plus sur nos nouvelles passionnantes et nos \u00e9v\u00e9nements \u00e0 venir &#8211; \u00e0 la prochaine fois ! <\/p>\n<p>[\/et_pb_text][et_pb_image src=\u00a0\u00bbhttps:\/\/sc-herrajes.com\/wp-content\/uploads\/2023\/10\/Blog-SICAM-2.jpg\u00a0\u00bb title_text=\u00a0\u00bbBlog-SICAM-2&Prime; align=\u00a0\u00bbcenter\u00a0\u00bb _builder_version=\u00a0\u00bb4.22.2&Prime; _module_preset=\u00a0\u00bbdefault\u00a0\u00bb global_colors_info=\u00a0\u00bb{}\u00a0\u00bb theme_builder_area=\u00a0\u00bbpost_content\u00a0\u00bb][\/et_pb_image][\/et_pb_column][\/et_pb_row][\/et_pb_section]<\/p>\n","protected":false},"excerpt":{"rendered":"<p>Dans le billet d&rsquo;aujourd&rsquo;hui, nous aimerions vous faire part de notre s\u00e9jour et de nos impressions au SICAM, le salon international des composants, accessoires et produits semi-finis pour l&rsquo;industrie du meuble en Italie. Les 17, 18, 19 et 20 octobre derniers, l&rsquo;\u00e9quipe commerciale de Sc Herrajes a rejoint des milliers de professionnels du secteur \u00e0 [&hellip;]<\/p>\n","protected":false},"author":6,"featured_media":26013534,"comment_status":"closed","ping_status":"open","sticky":false,"template":"","format":"standard","meta":{"_acf_changed":false,"_et_pb_use_builder":"on","_et_pb_old_content":"","_et_gb_content_width":"","footnotes":""},"categories":[1651],"tags":[],"dipi_cpt_category":[],"class_list":["post-26013536","post","type-post","status-publish","format-standard","has-post-thumbnail","hentry","category-sc-herrajes-fr"],"acf":[],"yoast_head":"<!-- This site is optimized with the Yoast SEO plugin v28.3 - https:\/\/yoast.com\/product\/yoast-seo-wordpress\/ -->\n<title>Un s\u00e9jour m\u00e9morable au SICAM - SC Herrajes<\/title>\n<meta name=\"robots\" content=\"index, follow, max-snippet:-1, max-image-preview:large, max-video-preview:-1\" \/>\n<link rel=\"canonical\" href=\"https:\/\/sc-herrajes.com\/fr\/blog\/un-sejour-memorable-au-sicam\/\" \/>\n<meta property=\"og:locale\" content=\"fr_FR\" \/>\n<meta property=\"og:type\" content=\"article\" \/>\n<meta property=\"og:title\" content=\"Un s\u00e9jour m\u00e9morable au SICAM - SC Herrajes\" \/>\n<meta property=\"og:description\" content=\"Dans le billet d&#039;aujourd&#039;hui, nous aimerions vous faire part de notre s\u00e9jour et de nos impressions au SICAM, le salon international des composants, accessoires et produits semi-finis pour l&#039;industrie du meuble en Italie. Les 17, 18, 19 et 20 octobre derniers, l&#039;\u00e9quipe commerciale de Sc Herrajes a rejoint des milliers de professionnels du secteur \u00e0 [&hellip;]\" \/>\n<meta property=\"og:url\" content=\"https:\/\/sc-herrajes.com\/fr\/blog\/un-sejour-memorable-au-sicam\/\" \/>\n<meta property=\"og:site_name\" content=\"SC Herrajes\" \/>\n<meta property=\"article:published_time\" content=\"2023-10-24T08:52:38+00:00\" \/>\n<meta property=\"article:modified_time\" content=\"2025-10-30T08:32:23+00:00\" \/>\n<meta property=\"og:image\" content=\"https:\/\/sc-herrajes.com\/wp-content\/uploads\/2023\/10\/Portada-Blog-SICAM.jpg\" \/>\n\t<meta property=\"og:image:width\" content=\"1920\" \/>\n\t<meta property=\"og:image:height\" content=\"1080\" \/>\n\t<meta property=\"og:image:type\" content=\"image\/jpeg\" \/>\n<meta name=\"twitter:card\" content=\"summary_large_image\" \/>\n<meta name=\"twitter:label1\" content=\"\u00c9crit par\" \/>\n\t<meta name=\"twitter:data1\" content=\"\" \/>\n\t<meta name=\"twitter:label2\" content=\"Dur\u00e9e de lecture estim\u00e9e\" \/>\n\t<meta name=\"twitter:data2\" content=\"5 minutes\" \/>\n<script type=\"application\/ld+json\" class=\"yoast-schema-graph\">{\"@context\":\"https:\\\/\\\/schema.org\",\"@graph\":[{\"@type\":\"Article\",\"@id\":\"https:\\\/\\\/sc-herrajes.com\\\/fr\\\/blog\\\/un-sejour-memorable-au-sicam\\\/#article\",\"isPartOf\":{\"@id\":\"https:\\\/\\\/sc-herrajes.com\\\/fr\\\/blog\\\/un-sejour-memorable-au-sicam\\\/\"},\"author\":{\"name\":\"\",\"@id\":\"https:\\\/\\\/sc-herrajes.com\\\/fr\\\/#\\\/schema\\\/person\\\/26f2ca89a580a51bbafe24a19ca3c67a\"},\"headline\":\"Un s\u00e9jour m\u00e9morable au SICAM\",\"datePublished\":\"2023-10-24T08:52:38+00:00\",\"dateModified\":\"2025-10-30T08:32:23+00:00\",\"mainEntityOfPage\":{\"@id\":\"https:\\\/\\\/sc-herrajes.com\\\/fr\\\/blog\\\/un-sejour-memorable-au-sicam\\\/\"},\"wordCount\":977,\"image\":{\"@id\":\"https:\\\/\\\/sc-herrajes.com\\\/fr\\\/blog\\\/un-sejour-memorable-au-sicam\\\/#primaryimage\"},\"thumbnailUrl\":\"https:\\\/\\\/sc-herrajes.com\\\/wp-content\\\/uploads\\\/2023\\\/10\\\/Portada-Blog-SICAM.jpg\",\"articleSection\":[\"SC Herrajes\"],\"inLanguage\":\"fr-FR\"},{\"@type\":\"WebPage\",\"@id\":\"https:\\\/\\\/sc-herrajes.com\\\/fr\\\/blog\\\/un-sejour-memorable-au-sicam\\\/\",\"url\":\"https:\\\/\\\/sc-herrajes.com\\\/fr\\\/blog\\\/un-sejour-memorable-au-sicam\\\/\",\"name\":\"Un s\u00e9jour m\u00e9morable au SICAM - SC Herrajes\",\"isPartOf\":{\"@id\":\"https:\\\/\\\/sc-herrajes.com\\\/fr\\\/#website\"},\"primaryImageOfPage\":{\"@id\":\"https:\\\/\\\/sc-herrajes.com\\\/fr\\\/blog\\\/un-sejour-memorable-au-sicam\\\/#primaryimage\"},\"image\":{\"@id\":\"https:\\\/\\\/sc-herrajes.com\\\/fr\\\/blog\\\/un-sejour-memorable-au-sicam\\\/#primaryimage\"},\"thumbnailUrl\":\"https:\\\/\\\/sc-herrajes.com\\\/wp-content\\\/uploads\\\/2023\\\/10\\\/Portada-Blog-SICAM.jpg\",\"datePublished\":\"2023-10-24T08:52:38+00:00\",\"dateModified\":\"2025-10-30T08:32:23+00:00\",\"author\":{\"@id\":\"https:\\\/\\\/sc-herrajes.com\\\/fr\\\/#\\\/schema\\\/person\\\/26f2ca89a580a51bbafe24a19ca3c67a\"},\"breadcrumb\":{\"@id\":\"https:\\\/\\\/sc-herrajes.com\\\/fr\\\/blog\\\/un-sejour-memorable-au-sicam\\\/#breadcrumb\"},\"inLanguage\":\"fr-FR\",\"potentialAction\":[{\"@type\":\"ReadAction\",\"target\":[\"https:\\\/\\\/sc-herrajes.com\\\/fr\\\/blog\\\/un-sejour-memorable-au-sicam\\\/\"]}]},{\"@type\":\"ImageObject\",\"inLanguage\":\"fr-FR\",\"@id\":\"https:\\\/\\\/sc-herrajes.com\\\/fr\\\/blog\\\/un-sejour-memorable-au-sicam\\\/#primaryimage\",\"url\":\"https:\\\/\\\/sc-herrajes.com\\\/wp-content\\\/uploads\\\/2023\\\/10\\\/Portada-Blog-SICAM.jpg\",\"contentUrl\":\"https:\\\/\\\/sc-herrajes.com\\\/wp-content\\\/uploads\\\/2023\\\/10\\\/Portada-Blog-SICAM.jpg\",\"width\":1920,\"height\":1080},{\"@type\":\"BreadcrumbList\",\"@id\":\"https:\\\/\\\/sc-herrajes.com\\\/fr\\\/blog\\\/un-sejour-memorable-au-sicam\\\/#breadcrumb\",\"itemListElement\":[{\"@type\":\"ListItem\",\"position\":1,\"name\":\"INICIO\",\"item\":\"https:\\\/\\\/sc-herrajes.com\\\/fr\\\/\"},{\"@type\":\"ListItem\",\"position\":2,\"name\":\"Un s\u00e9jour m\u00e9morable au SICAM\"}]},{\"@type\":\"WebSite\",\"@id\":\"https:\\\/\\\/sc-herrajes.com\\\/fr\\\/#website\",\"url\":\"https:\\\/\\\/sc-herrajes.com\\\/fr\\\/\",\"name\":\"SC Herrajes\",\"description\":\"\",\"potentialAction\":[{\"@type\":\"SearchAction\",\"target\":{\"@type\":\"EntryPoint\",\"urlTemplate\":\"https:\\\/\\\/sc-herrajes.com\\\/fr\\\/?s={search_term_string}\"},\"query-input\":{\"@type\":\"PropertyValueSpecification\",\"valueRequired\":true,\"valueName\":\"search_term_string\"}}],\"inLanguage\":\"fr-FR\"},{\"@type\":\"Person\",\"@id\":\"https:\\\/\\\/sc-herrajes.com\\\/fr\\\/#\\\/schema\\\/person\\\/26f2ca89a580a51bbafe24a19ca3c67a\",\"name\":\"\",\"image\":{\"@type\":\"ImageObject\",\"inLanguage\":\"fr-FR\",\"@id\":\"https:\\\/\\\/secure.gravatar.com\\\/avatar\\\/?s=96&d=mm&r=g\",\"url\":\"https:\\\/\\\/secure.gravatar.com\\\/avatar\\\/?s=96&d=mm&r=g\",\"contentUrl\":\"https:\\\/\\\/secure.gravatar.com\\\/avatar\\\/?s=96&d=mm&r=g\"}}]}<\/script>\n<!-- \/ Yoast SEO plugin. -->","yoast_head_json":{"title":"Un s\u00e9jour m\u00e9morable au SICAM - SC Herrajes","robots":{"index":"index","follow":"follow","max-snippet":"max-snippet:-1","max-image-preview":"max-image-preview:large","max-video-preview":"max-video-preview:-1"},"canonical":"https:\/\/sc-herrajes.com\/fr\/blog\/un-sejour-memorable-au-sicam\/","og_locale":"fr_FR","og_type":"article","og_title":"Un s\u00e9jour m\u00e9morable au SICAM - SC Herrajes","og_description":"Dans le billet d'aujourd'hui, nous aimerions vous faire part de notre s\u00e9jour et de nos impressions au SICAM, le salon international des composants, accessoires et produits semi-finis pour l'industrie du meuble en Italie. Les 17, 18, 19 et 20 octobre derniers, l'\u00e9quipe commerciale de Sc Herrajes a rejoint des milliers de professionnels du secteur \u00e0 [&hellip;]","og_url":"https:\/\/sc-herrajes.com\/fr\/blog\/un-sejour-memorable-au-sicam\/","og_site_name":"SC Herrajes","article_published_time":"2023-10-24T08:52:38+00:00","article_modified_time":"2025-10-30T08:32:23+00:00","og_image":[{"width":1920,"height":1080,"url":"https:\/\/sc-herrajes.com\/wp-content\/uploads\/2023\/10\/Portada-Blog-SICAM.jpg","type":"image\/jpeg"}],"twitter_card":"summary_large_image","twitter_misc":{"\u00c9crit par":"","Dur\u00e9e de lecture estim\u00e9e":"5 minutes"},"schema":{"@context":"https:\/\/schema.org","@graph":[{"@type":"Article","@id":"https:\/\/sc-herrajes.com\/fr\/blog\/un-sejour-memorable-au-sicam\/#article","isPartOf":{"@id":"https:\/\/sc-herrajes.com\/fr\/blog\/un-sejour-memorable-au-sicam\/"},"author":{"name":"","@id":"https:\/\/sc-herrajes.com\/fr\/#\/schema\/person\/26f2ca89a580a51bbafe24a19ca3c67a"},"headline":"Un s\u00e9jour m\u00e9morable au SICAM","datePublished":"2023-10-24T08:52:38+00:00","dateModified":"2025-10-30T08:32:23+00:00","mainEntityOfPage":{"@id":"https:\/\/sc-herrajes.com\/fr\/blog\/un-sejour-memorable-au-sicam\/"},"wordCount":977,"image":{"@id":"https:\/\/sc-herrajes.com\/fr\/blog\/un-sejour-memorable-au-sicam\/#primaryimage"},"thumbnailUrl":"https:\/\/sc-herrajes.com\/wp-content\/uploads\/2023\/10\/Portada-Blog-SICAM.jpg","articleSection":["SC Herrajes"],"inLanguage":"fr-FR"},{"@type":"WebPage","@id":"https:\/\/sc-herrajes.com\/fr\/blog\/un-sejour-memorable-au-sicam\/","url":"https:\/\/sc-herrajes.com\/fr\/blog\/un-sejour-memorable-au-sicam\/","name":"Un s\u00e9jour m\u00e9morable au SICAM - SC Herrajes","isPartOf":{"@id":"https:\/\/sc-herrajes.com\/fr\/#website"},"primaryImageOfPage":{"@id":"https:\/\/sc-herrajes.com\/fr\/blog\/un-sejour-memorable-au-sicam\/#primaryimage"},"image":{"@id":"https:\/\/sc-herrajes.com\/fr\/blog\/un-sejour-memorable-au-sicam\/#primaryimage"},"thumbnailUrl":"https:\/\/sc-herrajes.com\/wp-content\/uploads\/2023\/10\/Portada-Blog-SICAM.jpg","datePublished":"2023-10-24T08:52:38+00:00","dateModified":"2025-10-30T08:32:23+00:00","author":{"@id":"https:\/\/sc-herrajes.com\/fr\/#\/schema\/person\/26f2ca89a580a51bbafe24a19ca3c67a"},"breadcrumb":{"@id":"https:\/\/sc-herrajes.com\/fr\/blog\/un-sejour-memorable-au-sicam\/#breadcrumb"},"inLanguage":"fr-FR","potentialAction":[{"@type":"ReadAction","target":["https:\/\/sc-herrajes.com\/fr\/blog\/un-sejour-memorable-au-sicam\/"]}]},{"@type":"ImageObject","inLanguage":"fr-FR","@id":"https:\/\/sc-herrajes.com\/fr\/blog\/un-sejour-memorable-au-sicam\/#primaryimage","url":"https:\/\/sc-herrajes.com\/wp-content\/uploads\/2023\/10\/Portada-Blog-SICAM.jpg","contentUrl":"https:\/\/sc-herrajes.com\/wp-content\/uploads\/2023\/10\/Portada-Blog-SICAM.jpg","width":1920,"height":1080},{"@type":"BreadcrumbList","@id":"https:\/\/sc-herrajes.com\/fr\/blog\/un-sejour-memorable-au-sicam\/#breadcrumb","itemListElement":[{"@type":"ListItem","position":1,"name":"INICIO","item":"https:\/\/sc-herrajes.com\/fr\/"},{"@type":"ListItem","position":2,"name":"Un s\u00e9jour m\u00e9morable au SICAM"}]},{"@type":"WebSite","@id":"https:\/\/sc-herrajes.com\/fr\/#website","url":"https:\/\/sc-herrajes.com\/fr\/","name":"SC Herrajes","description":"","potentialAction":[{"@type":"SearchAction","target":{"@type":"EntryPoint","urlTemplate":"https:\/\/sc-herrajes.com\/fr\/?s={search_term_string}"},"query-input":{"@type":"PropertyValueSpecification","valueRequired":true,"valueName":"search_term_string"}}],"inLanguage":"fr-FR"},{"@type":"Person","@id":"https:\/\/sc-herrajes.com\/fr\/#\/schema\/person\/26f2ca89a580a51bbafe24a19ca3c67a","name":"","image":{"@type":"ImageObject","inLanguage":"fr-FR","@id":"https:\/\/secure.gravatar.com\/avatar\/?s=96&d=mm&r=g","url":"https:\/\/secure.gravatar.com\/avatar\/?s=96&d=mm&r=g","contentUrl":"https:\/\/secure.gravatar.com\/avatar\/?s=96&d=mm&r=g"}}]}},"_links":{"self":[{"href":"https:\/\/sc-herrajes.com\/fr\/wp-json\/wp\/v2\/posts\/26013536","targetHints":{"allow":["GET"]}}],"collection":[{"href":"https:\/\/sc-herrajes.com\/fr\/wp-json\/wp\/v2\/posts"}],"about":[{"href":"https:\/\/sc-herrajes.com\/fr\/wp-json\/wp\/v2\/types\/post"}],"author":[{"embeddable":true,"href":"https:\/\/sc-herrajes.com\/fr\/wp-json\/wp\/v2\/users\/6"}],"replies":[{"embeddable":true,"href":"https:\/\/sc-herrajes.com\/fr\/wp-json\/wp\/v2\/comments?post=26013536"}],"version-history":[{"count":2,"href":"https:\/\/sc-herrajes.com\/fr\/wp-json\/wp\/v2\/posts\/26013536\/revisions"}],"predecessor-version":[{"id":26013538,"href":"https:\/\/sc-herrajes.com\/fr\/wp-json\/wp\/v2\/posts\/26013536\/revisions\/26013538"}],"wp:featuredmedia":[{"embeddable":true,"href":"https:\/\/sc-herrajes.com\/fr\/wp-json\/wp\/v2\/media\/26013534"}],"wp:attachment":[{"href":"https:\/\/sc-herrajes.com\/fr\/wp-json\/wp\/v2\/media?parent=26013536"}],"wp:term":[{"taxonomy":"category","embeddable":true,"href":"https:\/\/sc-herrajes.com\/fr\/wp-json\/wp\/v2\/categories?post=26013536"},{"taxonomy":"post_tag","embeddable":true,"href":"https:\/\/sc-herrajes.com\/fr\/wp-json\/wp\/v2\/tags?post=26013536"},{"taxonomy":"dipi_cpt_category","embeddable":true,"href":"https:\/\/sc-herrajes.com\/fr\/wp-json\/wp\/v2\/dipi_cpt_category?post=26013536"}],"curies":[{"name":"wp","href":"https:\/\/api.w.org\/{rel}","templated":true}]}}