{"id":26013423,"date":"2024-05-21T11:40:27","date_gmt":"2024-05-21T09:40:27","guid":{"rendered":"https:\/\/sc-herrajes.com\/blog\/30e-anniversaire-de-maderalia-un-succes-retentissant-avec-de-nouvelles-collections\/"},"modified":"2025-10-30T09:12:05","modified_gmt":"2025-10-30T08:12:05","slug":"30e-anniversaire-de-maderalia-un-succes-retentissant-avec-de-nouvelles-collections","status":"publish","type":"post","link":"https:\/\/sc-herrajes.com\/fr\/blog\/30e-anniversaire-de-maderalia-un-succes-retentissant-avec-de-nouvelles-collections\/","title":{"rendered":"30e anniversaire de Maderalia : un succ\u00e8s retentissant avec de nouvelles collections"},"content":{"rendered":"<p>[et_pb_section fb_built=\u00a0\u00bb1&Prime; _builder_version=\u00a0\u00bb4.16&Prime; _module_preset=\u00a0\u00bbdefault\u00a0\u00bb da_disable_devices=\u00a0\u00bboff|off|off\u00a0\u00bb global_colors_info=\u00a0\u00bb{}\u00a0\u00bb theme_builder_area=\u00a0\u00bbpost_content\u00a0\u00bb da_is_popup=\u00a0\u00bboff\u00a0\u00bb da_exit_intent=\u00a0\u00bboff\u00a0\u00bb da_has_close=\u00a0\u00bbon\u00a0\u00bb da_alt_close=\u00a0\u00bboff\u00a0\u00bb da_dark_close=\u00a0\u00bboff\u00a0\u00bb da_not_modal=\u00a0\u00bbon\u00a0\u00bb da_is_singular=\u00a0\u00bboff\u00a0\u00bb da_with_loader=\u00a0\u00bboff\u00a0\u00bb da_has_shadow=\u00a0\u00bbon\u00a0\u00bb][et_pb_row _builder_version=\u00a0\u00bb4.21.0&Prime; _module_preset=\u00a0\u00bbdefault\u00a0\u00bb global_colors_info=\u00a0\u00bb{}\u00a0\u00bb theme_builder_area=\u00a0\u00bbpost_content\u00a0\u00bb][et_pb_column type=\u00a0\u00bb4_4&Prime; _builder_version=\u00a0\u00bb4.21.0&Prime; _module_preset=\u00a0\u00bbdefault\u00a0\u00bb global_colors_info=\u00a0\u00bb{}\u00a0\u00bb theme_builder_area=\u00a0\u00bbpost_content\u00a0\u00bb][et_pb_text _builder_version=\u00a0\u00bb4.25.1&Prime; text_font=\u00a0\u00bbArial||||||||\u00a0\u00bb link_font=\u00a0\u00bbMontserrat|700|||||||\u00a0\u00bb header_2_font=\u00a0\u00bbArtifak||||||||\u00a0\u00bb background_size=\u00a0\u00bbinitial\u00a0\u00bb background_position=\u00a0\u00bbtop_left\u00a0\u00bb background_repeat=\u00a0\u00bbrepeat\u00a0\u00bb hover_enabled=\u00a0\u00bb0&Prime; locked=\u00a0\u00bboff\u00a0\u00bb global_colors_info=\u00a0\u00bb{}\u00a0\u00bb theme_builder_area=\u00a0\u00bbpost_content\u00a0\u00bb sticky_enabled=\u00a0\u00bb0&Prime;]<\/p>\n<p class=\"selectable-text copyable-text x15bjb6t x1n2onr6\" dir=\"ltr\"><span class=\"selectable-text copyable-text\">Bonjour \u00e0 tous !<\/span><\/p>\n<p class=\"selectable-text copyable-text x15bjb6t x1n2onr6\" dir=\"ltr\"><span class=\"selectable-text copyable-text\">Nous souhaitons partager avec vous nos impressions sur la r\u00e9cente foire de produits Maderalia \u00e0 Valence. Cet \u00e9v\u00e9nement, l&rsquo;un des plus importants dans le secteur du bois et du design, \u00e9tait le cadre id\u00e9al pour pr\u00e9senter nos derni\u00e8res innovations en mati\u00e8re de poign\u00e9es et d&rsquo;\u00e9clairage LED, et ce fut une exp\u00e9rience extraordinaire !  <\/span><\/p>\n<p class=\"selectable-text copyable-text x15bjb6t x1n2onr6\" dir=\"ltr\">\n<p class=\"selectable-text copyable-text x15bjb6t x1n2onr6\" dir=\"ltr\"><span class=\"selectable-text copyable-text\">Maderalia s&rsquo;est impos\u00e9e comme une plateforme de r\u00e9f\u00e9rence pour tous les professionnels du secteur. Des fabricants aux designers et architectes. SC Herrajes ne pouvait pas manquer cet \u00e9v\u00e9nement et nous \u00e9tions impatients de c\u00e9l\u00e9brer notre 30e anniversaire avec style. Pour nous, c&rsquo;\u00e9tait un nouveau point de d\u00e9part pour montrer au monde nos nouvelles collections, notre engagement et notre affection pour nos clients et amis. C&rsquo;\u00e9tait le point de rencontre pour pr\u00e9senter les innovations actuelles et futures de l&rsquo;entreprise.    <\/span><\/p>\n<p class=\"selectable-text copyable-text x15bjb6t x1n2onr6\" dir=\"ltr\">\n<p class=\"selectable-text copyable-text x15bjb6t x1n2onr6\" dir=\"ltr\"><span class=\"selectable-text copyable-text\">L&rsquo;un des points forts de notre participation a \u00e9t\u00e9 la pr\u00e9sentation de nos nouveaux catalogues de poign\u00e9es et d&rsquo;\u00e9clairage LED, ainsi que du catalogue g\u00e9n\u00e9ral interactif. Ces catalogues refl\u00e8tent non seulement nos derni\u00e8res tendances et nos derniers produits, mais aussi notre engagement en faveur de la qualit\u00e9, de l&rsquo;innovation et du design.   <\/span><\/p>\n<p>[\/et_pb_text][et_pb_image src=\u00a0\u00bbhttps:\/\/sc-herrajes.com\/wp-content\/uploads\/2024\/05\/Maderalia-2024-Imagen-.jpeg\u00a0\u00bb title_text=\u00a0\u00bbMaderalia 2024 &#8211; Image\u00a0\u00bb _builder_version=\u00a0\u00bb4.25.1&Prime; _module_preset=\u00a0\u00bbdefault\u00a0\u00bb hover_enabled=\u00a0\u00bb0&Prime; global_colors_info=\u00a0\u00bb{}\u00a0\u00bb theme_builder_area=\u00a0\u00bbpost_content\u00a0\u00bb sticky_enabled=\u00a0\u00bb0&Prime;][\/et_pb_image][et_pb_text _builder_version=\u00a0\u00bb4.25.1&Prime; text_font=\u00a0\u00bbArial||||||||\u00a0\u00bb link_font=\u00a0\u00bbMontserrat|700|||||||\u00a0\u00bb header_2_font=\u00a0\u00bbArtifak||||||||\u00a0\u00bb background_size=\u00a0\u00bbinitial\u00a0\u00bb background_position=\u00a0\u00bbtop_left\u00a0\u00bb background_repeat=\u00a0\u00bbrepeat\u00a0\u00bb hover_enabled=\u00a0\u00bb0&Prime; locked=\u00a0\u00bboff\u00a0\u00bb global_colors_info=\u00a0\u00bb{}\u00a0\u00bb theme_builder_area=\u00a0\u00bbpost_content\u00a0\u00bb sticky_enabled=\u00a0\u00bb0&Prime;]<\/p>\n<h2 class=\"selectable-text copyable-text x15bjb6t x1n2onr6\" dir=\"ltr\"><strong><span class=\"selectable-text copyable-text\">Poign\u00e9es : \u00e9l\u00e9gance et fonctionnalit\u00e9<\/span><\/strong><\/h2>\n<p class=\"selectable-text copyable-text x15bjb6t x1n2onr6\" dir=\"ltr\"><span class=\"selectable-text copyable-text\">Notre nouvelle collection de poign\u00e9es a \u00e9t\u00e9 con\u00e7ue en tenant compte des besoins du march\u00e9 actuel. Chaque pi\u00e8ce allie \u00e9l\u00e9gance et fonctionnalit\u00e9, offrant des solutions non seulement esth\u00e9tiques, mais aussi pratiques et durables. Les participants au salon ont \u00e9t\u00e9 impressionn\u00e9s par la vari\u00e9t\u00e9 des styles, du moderne et minimaliste au classique et d\u00e9coratif. Le design des poign\u00e9es en bois, l&rsquo;asym\u00e9trie et les couleurs tendance telles que le bleu, le rouge et le vert ont \u00e9t\u00e9 remarqu\u00e9s.     <\/span><\/p>\n<p class=\"selectable-text copyable-text x15bjb6t x1n2onr6\" dir=\"ltr\"><span class=\"selectable-text copyable-text\">Un autre moment fort a \u00e9t\u00e9 la pr\u00e9sentation en avant-premi\u00e8re des nouvelles couleurs PVD : gris anthracite et bleu cobalt. Ces teintes uniques et sp\u00e9ciales, qui pr\u00e9sentent des caract\u00e9ristiques \u00e9tonnantes telles que la durabilit\u00e9 et la grande solidit\u00e9 de la finition, sont parfaites pour les pi\u00e8ces telles que les cuisines ou les salles de bains. <\/span><\/p>\n<p>[\/et_pb_text][et_pb_image src=\u00a0\u00bbhttps:\/\/sc-herrajes.com\/wp-content\/uploads\/2024\/05\/WhatsApp-Image-2024-05-17-at-10.12.25.jpeg\u00a0\u00bb title_text=\u00a0\u00bbWhatsApp Image 2024-05-17 \u00e0 10.12.25&Prime; _builder_version=\u00a0\u00bb4.25.1&Prime; _module_preset=\u00a0\u00bbdefault\u00a0\u00bb hover_enabled=\u00a0\u00bb0&Prime; global_colors_info=\u00a0\u00bb{}\u00a0\u00bb theme_builder_area=\u00a0\u00bbpost_content\u00a0\u00bb sticky_enabled=\u00a0\u00bb0&Prime; locked=\u00a0\u00bboff\u00a0\u00bb][\/et_pb_image][et_pb_text _builder_version=\u00a0\u00bb4.25.1&Prime; text_font=\u00a0\u00bbArial||||||||\u00a0\u00bb link_font=\u00a0\u00bbMontserrat|700|||||||\u00a0\u00bb header_2_font=\u00a0\u00bbArtifak||||||||\u00a0\u00bb background_size=\u00a0\u00bbinitial\u00a0\u00bb background_position=\u00a0\u00bbtop_left\u00a0\u00bb background_repeat=\u00a0\u00bbrepeat\u00a0\u00bb hover_enabled=\u00a0\u00bb0&Prime; locked=\u00a0\u00bboff\u00a0\u00bb global_colors_info=\u00a0\u00bb{}\u00a0\u00bb theme_builder_area=\u00a0\u00bbpost_content\u00a0\u00bb sticky_enabled=\u00a0\u00bb0&Prime;]<\/p>\n<h2 class=\"selectable-text copyable-text x15bjb6t x1n2onr6\" dir=\"ltr\"><strong><span class=\"selectable-text copyable-text\">\u00c9clairage LED : innovation et technologie<\/span><\/strong><\/h2>\n<p class=\"selectable-text copyable-text x15bjb6t x1n2onr6\" dir=\"ltr\"><span class=\"selectable-text copyable-text\">En ce qui concerne l&rsquo;\u00e9clairage LED, nous avons pr\u00e9sent\u00e9 la bande de tiroir avec lumi\u00e8re ultraviolette qui s&rsquo;allume lorsque le tiroir est ouvert et d\u00e9sinfecte le tiroir lorsqu&rsquo;il est ferm\u00e9. Ce ph\u00e9nom\u00e8ne a suscit\u00e9 beaucoup d&rsquo;int\u00e9r\u00eat, mais les nouveaux capteurs sans fil et le double \u00e9clairage LED m\u00e9ritent \u00e9galement d&rsquo;\u00eatre mentionn\u00e9s.   <\/span><\/p>\n<p class=\"selectable-text copyable-text x15bjb6t x1n2onr6\" dir=\"ltr\"><span class=\"selectable-text copyable-text\">Le double \u00e9clairage LED s&rsquo;int\u00e8gre exceptionnellement bien dans la maison, offrant \u00e0 la fois fonctionnalit\u00e9 et \u00e9l\u00e9gance d\u00e9corative.  <\/span><\/p>\n<p class=\"selectable-text copyable-text x15bjb6t x1n2onr6\" dir=\"ltr\"><span class=\"selectable-text copyable-text\">Gr\u00e2ce \u00e0 sa capacit\u00e9 \u00e0 passer d&rsquo;une lumi\u00e8re chaude \u00e0 une lumi\u00e8re froide, il vous permet d&rsquo;adapter l&rsquo;ambiance en fonction du moment de la journ\u00e9e ou de l&rsquo;activit\u00e9. Le matin, une lumi\u00e8re froide peut apporter la luminosit\u00e9 n\u00e9cessaire aux t\u00e2ches quotidiennes, tandis que le soir, une lumi\u00e8re chaude cr\u00e9e un environnement douillet et relaxant. Cette polyvalence am\u00e9liore non seulement l&rsquo;exp\u00e9rience visuelle et le confort, mais ajoute \u00e9galement une touche esth\u00e9tique moderne et sophistiqu\u00e9e aux espaces domestiques.  <\/span><\/p>\n<p class=\"selectable-text copyable-text x15bjb6t x1n2onr6\" dir=\"ltr\"><span class=\"selectable-text copyable-text\">La r\u00e9ponse du public a \u00e9t\u00e9 fantastique, avec de nombreux professionnels int\u00e9ress\u00e9s par l&rsquo;int\u00e9gration de nos solutions d&rsquo;\u00e9clairage dans leurs projets.<\/span><\/p>\n<p>[\/et_pb_text][et_pb_image src=\u00a0\u00bbhttps:\/\/sc-herrajes.com\/wp-content\/uploads\/2024\/05\/WhatsApp-Image-2024-05-17-at-10.13.43.jpeg\u00a0\u00bb title_text=\u00a0\u00bbWhatsApp Image 2024-05-17 \u00e0 10.13.43&Prime; _builder_version=\u00a0\u00bb4.25.1&Prime; _module_preset=\u00a0\u00bbdefault\u00a0\u00bb hover_enabled=\u00a0\u00bb0&Prime; global_colors_info=\u00a0\u00bb{}\u00a0\u00bb theme_builder_area=\u00a0\u00bbpost_content\u00a0\u00bb sticky_enabled=\u00a0\u00bb0&Prime; locked=\u00a0\u00bboff\u00a0\u00bb][\/et_pb_image][et_pb_text _builder_version=\u00a0\u00bb4.25.1&Prime; text_font=\u00a0\u00bbArial||||||||\u00a0\u00bb link_font=\u00a0\u00bbMontserrat|700|||||||\u00a0\u00bb header_2_font=\u00a0\u00bbArtifak||||||||\u00a0\u00bb background_size=\u00a0\u00bbinitial\u00a0\u00bb background_position=\u00a0\u00bbtop_left\u00a0\u00bb background_repeat=\u00a0\u00bbrepeat\u00a0\u00bb hover_enabled=\u00a0\u00bb0&Prime; locked=\u00a0\u00bboff\u00a0\u00bb global_colors_info=\u00a0\u00bb{}\u00a0\u00bb theme_builder_area=\u00a0\u00bbpost_content\u00a0\u00bb sticky_enabled=\u00a0\u00bb0&Prime;]<\/p>\n<h2><strong>Une r\u00e9ponse massive<\/strong><\/h2>\n<p>Les r\u00e9actions que nous avons re\u00e7ues \u00e0 Maderalia ont d\u00e9pass\u00e9 toutes nos attentes. Les clients existants et potentiels ont montr\u00e9 un grand int\u00e9r\u00eat pour nos nouveaux produits. Des d\u00e9monstrations en direct et des pr\u00e9sentations d\u00e9taill\u00e9es ont permis aux participants de se rendre compte par eux-m\u00eames de la qualit\u00e9 et du design de nos produits.  <\/p>\n<p>Quitter Maderalia avec d&rsquo;aussi bons r\u00e9sultats nous remplit d&rsquo;enthousiasme et de motivation pour continuer \u00e0 innover. Nous sommes convaincus que les produits que nous avons lanc\u00e9s et les relations que nous avons renforc\u00e9es pendant le salon seront la cl\u00e9 de notre croissance future. <\/p>\n<p>Nous tenons \u00e0 remercier tous ceux qui ont visit\u00e9 notre stand et se sont int\u00e9ress\u00e9s \u00e0 nos nouvelles collections. Votre soutien et vos commentaires sont essentiels pour nous. <\/p>\n<p>Rendez-vous \u00e0 la prochaine \u00e9dition de Maderalia et \u00e0 de nombreux autres \u00e9v\u00e9nements du secteur !<\/p>\n<p>Merci de continuer \u00e0 faire confiance \u00e0 SC Herrajes. Nous continuons \u00e0 travailler pour vous offrir le meilleur en mati\u00e8re de poign\u00e9es et d&rsquo;\u00e9clairage LED. 30 ans de succ\u00e8s en perspective !  <\/p>\n<p>Un c\u00e2lin,<\/p>\n<p>L&rsquo;\u00e9quipe du SC Herrajes<\/p>\n<p>[\/et_pb_text][et_pb_image src=\u00a0\u00bbhttps:\/\/sc-herrajes.com\/wp-content\/uploads\/2024\/05\/WhatsApp-Image-2024-05-16-at-09.03.16.jpeg\u00a0\u00bb title_text=\u00a0\u00bbWhatsApp Image 2024-05-16 \u00e0 09.03.16&Prime; _builder_version=\u00a0\u00bb4.25.1&Prime; _module_preset=\u00a0\u00bbdefault\u00a0\u00bb hover_enabled=\u00a0\u00bb0&Prime; global_colors_info=\u00a0\u00bb{}\u00a0\u00bb theme_builder_area=\u00a0\u00bbpost_content\u00a0\u00bb sticky_enabled=\u00a0\u00bb0&Prime; locked=\u00a0\u00bboff\u00a0\u00bb][\/et_pb_image][\/et_pb_column][\/et_pb_row][\/et_pb_section]<\/p>\n","protected":false},"excerpt":{"rendered":"<p>Bonjour \u00e0 tous ! Nous souhaitons partager avec vous nos impressions sur la r\u00e9cente foire de produits Maderalia \u00e0 Valence. Cet \u00e9v\u00e9nement, l&rsquo;un des plus importants dans le secteur du bois et du design, \u00e9tait le cadre id\u00e9al pour pr\u00e9senter nos derni\u00e8res innovations en mati\u00e8re de poign\u00e9es et d&rsquo;\u00e9clairage LED, et ce fut une exp\u00e9rience [&hellip;]<\/p>\n","protected":false},"author":6,"featured_media":26013421,"comment_status":"closed","ping_status":"open","sticky":false,"template":"","format":"standard","meta":{"_acf_changed":false,"_et_pb_use_builder":"on","_et_pb_old_content":"","_et_gb_content_width":"","footnotes":""},"categories":[1651],"tags":[],"dipi_cpt_category":[],"class_list":["post-26013423","post","type-post","status-publish","format-standard","has-post-thumbnail","hentry","category-sc-herrajes-fr"],"acf":[],"yoast_head":"<!-- This site is optimized with the Yoast SEO plugin v28.3 - https:\/\/yoast.com\/product\/yoast-seo-wordpress\/ -->\n<title>30e anniversaire de Maderalia : un succ\u00e8s retentissant avec de nouvelles collections - SC Herrajes<\/title>\n<meta name=\"robots\" content=\"index, follow, max-snippet:-1, max-image-preview:large, max-video-preview:-1\" \/>\n<link rel=\"canonical\" href=\"https:\/\/sc-herrajes.com\/fr\/blog\/30e-anniversaire-de-maderalia-un-succes-retentissant-avec-de-nouvelles-collections\/\" \/>\n<meta property=\"og:locale\" content=\"fr_FR\" \/>\n<meta property=\"og:type\" content=\"article\" \/>\n<meta property=\"og:title\" content=\"30e anniversaire de Maderalia : un succ\u00e8s retentissant avec de nouvelles collections - SC Herrajes\" \/>\n<meta property=\"og:description\" content=\"Bonjour \u00e0 tous ! Nous souhaitons partager avec vous nos impressions sur la r\u00e9cente foire de produits Maderalia \u00e0 Valence. Cet \u00e9v\u00e9nement, l&#039;un des plus importants dans le secteur du bois et du design, \u00e9tait le cadre id\u00e9al pour pr\u00e9senter nos derni\u00e8res innovations en mati\u00e8re de poign\u00e9es et d&#039;\u00e9clairage LED, et ce fut une exp\u00e9rience [&hellip;]\" \/>\n<meta property=\"og:url\" content=\"https:\/\/sc-herrajes.com\/fr\/blog\/30e-anniversaire-de-maderalia-un-succes-retentissant-avec-de-nouvelles-collections\/\" \/>\n<meta property=\"og:site_name\" content=\"SC Herrajes\" \/>\n<meta property=\"article:published_time\" content=\"2024-05-21T09:40:27+00:00\" \/>\n<meta property=\"article:modified_time\" content=\"2025-10-30T08:12:05+00:00\" \/>\n<meta property=\"og:image\" content=\"https:\/\/sc-herrajes.com\/wp-content\/uploads\/2024\/05\/Maderalia-2024-Portada.jpg\" \/>\n\t<meta property=\"og:image:width\" content=\"1250\" \/>\n\t<meta property=\"og:image:height\" content=\"732\" \/>\n\t<meta property=\"og:image:type\" content=\"image\/jpeg\" \/>\n<meta name=\"twitter:card\" content=\"summary_large_image\" \/>\n<meta name=\"twitter:label1\" content=\"\u00c9crit par\" \/>\n\t<meta name=\"twitter:data1\" content=\"\" \/>\n\t<meta name=\"twitter:label2\" content=\"Dur\u00e9e de lecture estim\u00e9e\" \/>\n\t<meta name=\"twitter:data2\" content=\"6 minutes\" \/>\n<script type=\"application\/ld+json\" class=\"yoast-schema-graph\">{\"@context\":\"https:\\\/\\\/schema.org\",\"@graph\":[{\"@type\":\"Article\",\"@id\":\"https:\\\/\\\/sc-herrajes.com\\\/fr\\\/blog\\\/30e-anniversaire-de-maderalia-un-succes-retentissant-avec-de-nouvelles-collections\\\/#article\",\"isPartOf\":{\"@id\":\"https:\\\/\\\/sc-herrajes.com\\\/fr\\\/blog\\\/30e-anniversaire-de-maderalia-un-succes-retentissant-avec-de-nouvelles-collections\\\/\"},\"author\":{\"name\":\"\",\"@id\":\"https:\\\/\\\/sc-herrajes.com\\\/fr\\\/#\\\/schema\\\/person\\\/26f2ca89a580a51bbafe24a19ca3c67a\"},\"headline\":\"30e anniversaire de Maderalia : un succ\u00e8s retentissant avec de nouvelles collections\",\"datePublished\":\"2024-05-21T09:40:27+00:00\",\"dateModified\":\"2025-10-30T08:12:05+00:00\",\"mainEntityOfPage\":{\"@id\":\"https:\\\/\\\/sc-herrajes.com\\\/fr\\\/blog\\\/30e-anniversaire-de-maderalia-un-succes-retentissant-avec-de-nouvelles-collections\\\/\"},\"wordCount\":1213,\"image\":{\"@id\":\"https:\\\/\\\/sc-herrajes.com\\\/fr\\\/blog\\\/30e-anniversaire-de-maderalia-un-succes-retentissant-avec-de-nouvelles-collections\\\/#primaryimage\"},\"thumbnailUrl\":\"https:\\\/\\\/sc-herrajes.com\\\/wp-content\\\/uploads\\\/2024\\\/05\\\/Maderalia-2024-Portada.jpg\",\"articleSection\":[\"SC Herrajes\"],\"inLanguage\":\"fr-FR\"},{\"@type\":\"WebPage\",\"@id\":\"https:\\\/\\\/sc-herrajes.com\\\/fr\\\/blog\\\/30e-anniversaire-de-maderalia-un-succes-retentissant-avec-de-nouvelles-collections\\\/\",\"url\":\"https:\\\/\\\/sc-herrajes.com\\\/fr\\\/blog\\\/30e-anniversaire-de-maderalia-un-succes-retentissant-avec-de-nouvelles-collections\\\/\",\"name\":\"30e anniversaire de Maderalia : un succ\u00e8s retentissant avec de nouvelles collections - SC Herrajes\",\"isPartOf\":{\"@id\":\"https:\\\/\\\/sc-herrajes.com\\\/fr\\\/#website\"},\"primaryImageOfPage\":{\"@id\":\"https:\\\/\\\/sc-herrajes.com\\\/fr\\\/blog\\\/30e-anniversaire-de-maderalia-un-succes-retentissant-avec-de-nouvelles-collections\\\/#primaryimage\"},\"image\":{\"@id\":\"https:\\\/\\\/sc-herrajes.com\\\/fr\\\/blog\\\/30e-anniversaire-de-maderalia-un-succes-retentissant-avec-de-nouvelles-collections\\\/#primaryimage\"},\"thumbnailUrl\":\"https:\\\/\\\/sc-herrajes.com\\\/wp-content\\\/uploads\\\/2024\\\/05\\\/Maderalia-2024-Portada.jpg\",\"datePublished\":\"2024-05-21T09:40:27+00:00\",\"dateModified\":\"2025-10-30T08:12:05+00:00\",\"author\":{\"@id\":\"https:\\\/\\\/sc-herrajes.com\\\/fr\\\/#\\\/schema\\\/person\\\/26f2ca89a580a51bbafe24a19ca3c67a\"},\"breadcrumb\":{\"@id\":\"https:\\\/\\\/sc-herrajes.com\\\/fr\\\/blog\\\/30e-anniversaire-de-maderalia-un-succes-retentissant-avec-de-nouvelles-collections\\\/#breadcrumb\"},\"inLanguage\":\"fr-FR\",\"potentialAction\":[{\"@type\":\"ReadAction\",\"target\":[\"https:\\\/\\\/sc-herrajes.com\\\/fr\\\/blog\\\/30e-anniversaire-de-maderalia-un-succes-retentissant-avec-de-nouvelles-collections\\\/\"]}]},{\"@type\":\"ImageObject\",\"inLanguage\":\"fr-FR\",\"@id\":\"https:\\\/\\\/sc-herrajes.com\\\/fr\\\/blog\\\/30e-anniversaire-de-maderalia-un-succes-retentissant-avec-de-nouvelles-collections\\\/#primaryimage\",\"url\":\"https:\\\/\\\/sc-herrajes.com\\\/wp-content\\\/uploads\\\/2024\\\/05\\\/Maderalia-2024-Portada.jpg\",\"contentUrl\":\"https:\\\/\\\/sc-herrajes.com\\\/wp-content\\\/uploads\\\/2024\\\/05\\\/Maderalia-2024-Portada.jpg\",\"width\":1250,\"height\":732},{\"@type\":\"BreadcrumbList\",\"@id\":\"https:\\\/\\\/sc-herrajes.com\\\/fr\\\/blog\\\/30e-anniversaire-de-maderalia-un-succes-retentissant-avec-de-nouvelles-collections\\\/#breadcrumb\",\"itemListElement\":[{\"@type\":\"ListItem\",\"position\":1,\"name\":\"INICIO\",\"item\":\"https:\\\/\\\/sc-herrajes.com\\\/fr\\\/\"},{\"@type\":\"ListItem\",\"position\":2,\"name\":\"30e anniversaire de Maderalia : un succ\u00e8s retentissant avec de nouvelles collections\"}]},{\"@type\":\"WebSite\",\"@id\":\"https:\\\/\\\/sc-herrajes.com\\\/fr\\\/#website\",\"url\":\"https:\\\/\\\/sc-herrajes.com\\\/fr\\\/\",\"name\":\"SC Herrajes\",\"description\":\"\",\"potentialAction\":[{\"@type\":\"SearchAction\",\"target\":{\"@type\":\"EntryPoint\",\"urlTemplate\":\"https:\\\/\\\/sc-herrajes.com\\\/fr\\\/?s={search_term_string}\"},\"query-input\":{\"@type\":\"PropertyValueSpecification\",\"valueRequired\":true,\"valueName\":\"search_term_string\"}}],\"inLanguage\":\"fr-FR\"},{\"@type\":\"Person\",\"@id\":\"https:\\\/\\\/sc-herrajes.com\\\/fr\\\/#\\\/schema\\\/person\\\/26f2ca89a580a51bbafe24a19ca3c67a\",\"name\":\"\",\"image\":{\"@type\":\"ImageObject\",\"inLanguage\":\"fr-FR\",\"@id\":\"https:\\\/\\\/secure.gravatar.com\\\/avatar\\\/?s=96&d=mm&r=g\",\"url\":\"https:\\\/\\\/secure.gravatar.com\\\/avatar\\\/?s=96&d=mm&r=g\",\"contentUrl\":\"https:\\\/\\\/secure.gravatar.com\\\/avatar\\\/?s=96&d=mm&r=g\"}}]}<\/script>\n<!-- \/ Yoast SEO plugin. -->","yoast_head_json":{"title":"30e anniversaire de Maderalia : un succ\u00e8s retentissant avec de nouvelles collections - SC Herrajes","robots":{"index":"index","follow":"follow","max-snippet":"max-snippet:-1","max-image-preview":"max-image-preview:large","max-video-preview":"max-video-preview:-1"},"canonical":"https:\/\/sc-herrajes.com\/fr\/blog\/30e-anniversaire-de-maderalia-un-succes-retentissant-avec-de-nouvelles-collections\/","og_locale":"fr_FR","og_type":"article","og_title":"30e anniversaire de Maderalia : un succ\u00e8s retentissant avec de nouvelles collections - SC Herrajes","og_description":"Bonjour \u00e0 tous ! Nous souhaitons partager avec vous nos impressions sur la r\u00e9cente foire de produits Maderalia \u00e0 Valence. Cet \u00e9v\u00e9nement, l'un des plus importants dans le secteur du bois et du design, \u00e9tait le cadre id\u00e9al pour pr\u00e9senter nos derni\u00e8res innovations en mati\u00e8re de poign\u00e9es et d'\u00e9clairage LED, et ce fut une exp\u00e9rience [&hellip;]","og_url":"https:\/\/sc-herrajes.com\/fr\/blog\/30e-anniversaire-de-maderalia-un-succes-retentissant-avec-de-nouvelles-collections\/","og_site_name":"SC Herrajes","article_published_time":"2024-05-21T09:40:27+00:00","article_modified_time":"2025-10-30T08:12:05+00:00","og_image":[{"width":1250,"height":732,"url":"https:\/\/sc-herrajes.com\/wp-content\/uploads\/2024\/05\/Maderalia-2024-Portada.jpg","type":"image\/jpeg"}],"twitter_card":"summary_large_image","twitter_misc":{"\u00c9crit par":"","Dur\u00e9e de lecture estim\u00e9e":"6 minutes"},"schema":{"@context":"https:\/\/schema.org","@graph":[{"@type":"Article","@id":"https:\/\/sc-herrajes.com\/fr\/blog\/30e-anniversaire-de-maderalia-un-succes-retentissant-avec-de-nouvelles-collections\/#article","isPartOf":{"@id":"https:\/\/sc-herrajes.com\/fr\/blog\/30e-anniversaire-de-maderalia-un-succes-retentissant-avec-de-nouvelles-collections\/"},"author":{"name":"","@id":"https:\/\/sc-herrajes.com\/fr\/#\/schema\/person\/26f2ca89a580a51bbafe24a19ca3c67a"},"headline":"30e anniversaire de Maderalia : un succ\u00e8s retentissant avec de nouvelles collections","datePublished":"2024-05-21T09:40:27+00:00","dateModified":"2025-10-30T08:12:05+00:00","mainEntityOfPage":{"@id":"https:\/\/sc-herrajes.com\/fr\/blog\/30e-anniversaire-de-maderalia-un-succes-retentissant-avec-de-nouvelles-collections\/"},"wordCount":1213,"image":{"@id":"https:\/\/sc-herrajes.com\/fr\/blog\/30e-anniversaire-de-maderalia-un-succes-retentissant-avec-de-nouvelles-collections\/#primaryimage"},"thumbnailUrl":"https:\/\/sc-herrajes.com\/wp-content\/uploads\/2024\/05\/Maderalia-2024-Portada.jpg","articleSection":["SC Herrajes"],"inLanguage":"fr-FR"},{"@type":"WebPage","@id":"https:\/\/sc-herrajes.com\/fr\/blog\/30e-anniversaire-de-maderalia-un-succes-retentissant-avec-de-nouvelles-collections\/","url":"https:\/\/sc-herrajes.com\/fr\/blog\/30e-anniversaire-de-maderalia-un-succes-retentissant-avec-de-nouvelles-collections\/","name":"30e anniversaire de Maderalia : un succ\u00e8s retentissant avec de nouvelles collections - SC Herrajes","isPartOf":{"@id":"https:\/\/sc-herrajes.com\/fr\/#website"},"primaryImageOfPage":{"@id":"https:\/\/sc-herrajes.com\/fr\/blog\/30e-anniversaire-de-maderalia-un-succes-retentissant-avec-de-nouvelles-collections\/#primaryimage"},"image":{"@id":"https:\/\/sc-herrajes.com\/fr\/blog\/30e-anniversaire-de-maderalia-un-succes-retentissant-avec-de-nouvelles-collections\/#primaryimage"},"thumbnailUrl":"https:\/\/sc-herrajes.com\/wp-content\/uploads\/2024\/05\/Maderalia-2024-Portada.jpg","datePublished":"2024-05-21T09:40:27+00:00","dateModified":"2025-10-30T08:12:05+00:00","author":{"@id":"https:\/\/sc-herrajes.com\/fr\/#\/schema\/person\/26f2ca89a580a51bbafe24a19ca3c67a"},"breadcrumb":{"@id":"https:\/\/sc-herrajes.com\/fr\/blog\/30e-anniversaire-de-maderalia-un-succes-retentissant-avec-de-nouvelles-collections\/#breadcrumb"},"inLanguage":"fr-FR","potentialAction":[{"@type":"ReadAction","target":["https:\/\/sc-herrajes.com\/fr\/blog\/30e-anniversaire-de-maderalia-un-succes-retentissant-avec-de-nouvelles-collections\/"]}]},{"@type":"ImageObject","inLanguage":"fr-FR","@id":"https:\/\/sc-herrajes.com\/fr\/blog\/30e-anniversaire-de-maderalia-un-succes-retentissant-avec-de-nouvelles-collections\/#primaryimage","url":"https:\/\/sc-herrajes.com\/wp-content\/uploads\/2024\/05\/Maderalia-2024-Portada.jpg","contentUrl":"https:\/\/sc-herrajes.com\/wp-content\/uploads\/2024\/05\/Maderalia-2024-Portada.jpg","width":1250,"height":732},{"@type":"BreadcrumbList","@id":"https:\/\/sc-herrajes.com\/fr\/blog\/30e-anniversaire-de-maderalia-un-succes-retentissant-avec-de-nouvelles-collections\/#breadcrumb","itemListElement":[{"@type":"ListItem","position":1,"name":"INICIO","item":"https:\/\/sc-herrajes.com\/fr\/"},{"@type":"ListItem","position":2,"name":"30e anniversaire de Maderalia : un succ\u00e8s retentissant avec de nouvelles collections"}]},{"@type":"WebSite","@id":"https:\/\/sc-herrajes.com\/fr\/#website","url":"https:\/\/sc-herrajes.com\/fr\/","name":"SC Herrajes","description":"","potentialAction":[{"@type":"SearchAction","target":{"@type":"EntryPoint","urlTemplate":"https:\/\/sc-herrajes.com\/fr\/?s={search_term_string}"},"query-input":{"@type":"PropertyValueSpecification","valueRequired":true,"valueName":"search_term_string"}}],"inLanguage":"fr-FR"},{"@type":"Person","@id":"https:\/\/sc-herrajes.com\/fr\/#\/schema\/person\/26f2ca89a580a51bbafe24a19ca3c67a","name":"","image":{"@type":"ImageObject","inLanguage":"fr-FR","@id":"https:\/\/secure.gravatar.com\/avatar\/?s=96&d=mm&r=g","url":"https:\/\/secure.gravatar.com\/avatar\/?s=96&d=mm&r=g","contentUrl":"https:\/\/secure.gravatar.com\/avatar\/?s=96&d=mm&r=g"}}]}},"_links":{"self":[{"href":"https:\/\/sc-herrajes.com\/fr\/wp-json\/wp\/v2\/posts\/26013423","targetHints":{"allow":["GET"]}}],"collection":[{"href":"https:\/\/sc-herrajes.com\/fr\/wp-json\/wp\/v2\/posts"}],"about":[{"href":"https:\/\/sc-herrajes.com\/fr\/wp-json\/wp\/v2\/types\/post"}],"author":[{"embeddable":true,"href":"https:\/\/sc-herrajes.com\/fr\/wp-json\/wp\/v2\/users\/6"}],"replies":[{"embeddable":true,"href":"https:\/\/sc-herrajes.com\/fr\/wp-json\/wp\/v2\/comments?post=26013423"}],"version-history":[{"count":4,"href":"https:\/\/sc-herrajes.com\/fr\/wp-json\/wp\/v2\/posts\/26013423\/revisions"}],"predecessor-version":[{"id":26013429,"href":"https:\/\/sc-herrajes.com\/fr\/wp-json\/wp\/v2\/posts\/26013423\/revisions\/26013429"}],"wp:featuredmedia":[{"embeddable":true,"href":"https:\/\/sc-herrajes.com\/fr\/wp-json\/wp\/v2\/media\/26013421"}],"wp:attachment":[{"href":"https:\/\/sc-herrajes.com\/fr\/wp-json\/wp\/v2\/media?parent=26013423"}],"wp:term":[{"taxonomy":"category","embeddable":true,"href":"https:\/\/sc-herrajes.com\/fr\/wp-json\/wp\/v2\/categories?post=26013423"},{"taxonomy":"post_tag","embeddable":true,"href":"https:\/\/sc-herrajes.com\/fr\/wp-json\/wp\/v2\/tags?post=26013423"},{"taxonomy":"dipi_cpt_category","embeddable":true,"href":"https:\/\/sc-herrajes.com\/fr\/wp-json\/wp\/v2\/dipi_cpt_category?post=26013423"}],"curies":[{"name":"wp","href":"https:\/\/api.w.org\/{rel}","templated":true}]}}