{"id":26013393,"date":"2024-09-03T08:48:55","date_gmt":"2024-09-03T06:48:55","guid":{"rendered":"https:\/\/sc-herrajes.com\/blog\/saison-de-foires-et-devenements-a-sc-herrajes\/"},"modified":"2025-10-30T09:04:00","modified_gmt":"2025-10-30T08:04:00","slug":"saison-de-foires-et-devenements-a-sc-herrajes","status":"publish","type":"post","link":"https:\/\/sc-herrajes.com\/fr\/blog\/saison-de-foires-et-devenements-a-sc-herrajes\/","title":{"rendered":"Saison de foires et d&rsquo;\u00e9v\u00e9nements \u00e0 SC Herrajes"},"content":{"rendered":"<p>[et_pb_section fb_built=\u00a0\u00bb1&Prime; _builder_version=\u00a0\u00bb4.16&Prime; _module_preset=\u00a0\u00bbdefault\u00a0\u00bb da_disable_devices=\u00a0\u00bboff|off|off\u00a0\u00bb global_colors_info=\u00a0\u00bb{}\u00a0\u00bb theme_builder_area=\u00a0\u00bbpost_content\u00a0\u00bb da_is_popup=\u00a0\u00bboff\u00a0\u00bb da_exit_intent=\u00a0\u00bboff\u00a0\u00bb da_has_close=\u00a0\u00bbon\u00a0\u00bb da_alt_close=\u00a0\u00bboff\u00a0\u00bb da_dark_close=\u00a0\u00bboff\u00a0\u00bb da_not_modal=\u00a0\u00bbon\u00a0\u00bb da_is_singular=\u00a0\u00bboff\u00a0\u00bb da_with_loader=\u00a0\u00bboff\u00a0\u00bb da_has_shadow=\u00a0\u00bbon\u00a0\u00bb][et_pb_row _builder_version=\u00a0\u00bb4.21.0&Prime; _module_preset=\u00a0\u00bbdefault\u00a0\u00bb global_colors_info=\u00a0\u00bb{}\u00a0\u00bb theme_builder_area=\u00a0\u00bbpost_content\u00a0\u00bb][et_pb_column type=\u00a0\u00bb4_4&Prime; _builder_version=\u00a0\u00bb4.21.0&Prime; _module_preset=\u00a0\u00bbdefault\u00a0\u00bb global_colors_info=\u00a0\u00bb{}\u00a0\u00bb theme_builder_area=\u00a0\u00bbpost_content\u00a0\u00bb][et_pb_text _builder_version=\u00a0\u00bb4.27.0&Prime; text_font=\u00a0\u00bbArial||||||||\u00a0\u00bb link_font=\u00a0\u00bbMontserrat|700|||||||\u00a0\u00bb header_2_font=\u00a0\u00bbArtifak||||||||\u00a0\u00bb background_size=\u00a0\u00bbinitial\u00a0\u00bb background_position=\u00a0\u00bbtop_left\u00a0\u00bb background_repeat=\u00a0\u00bbrepeat\u00a0\u00bb hover_enabled=\u00a0\u00bb0&Prime; locked=\u00a0\u00bboff\u00a0\u00bb global_colors_info=\u00a0\u00bb{}\u00a0\u00bb theme_builder_area=\u00a0\u00bbpost_content\u00a0\u00bb sticky_enabled=\u00a0\u00bb0&Prime;]<\/p>\n<h2 class=\"selectable-text copyable-text x15bjb6t x1n2onr6\" dir=\"ltr\"><span class=\"selectable-text copyable-text\">C&rsquo;est la saison des foires et des \u00e9v\u00e9nements !<\/span><\/h2>\n<p class=\"selectable-text copyable-text x15bjb6t x1n2onr6\" dir=\"ltr\"><span class=\"selectable-text copyable-text\">Apr\u00e8s une pause bien m\u00e9rit\u00e9e, nous sommes de retour avec plus d&rsquo;\u00e9nergie que jamais et de grands projets pour cet automne. Non seulement nous participons \u00e0 une s\u00e9rie de salons passionnants, mais nous \u00e9tendons \u00e9galement notre pr\u00e9sence \u00e0 l&rsquo;\u00e9chelle internationale et dans de nouveaux secteurs. <\/span><\/p>\n<p class=\"selectable-text copyable-text x15bjb6t x1n2onr6\" dir=\"ltr\"><span class=\"selectable-text copyable-text\">Chez SC Herrajes, nous croyons \u00e0 l&rsquo;innovation constante et \u00e0 la recherche de nouvelles opportunit\u00e9s. Cette ann\u00e9e, nous explorons de nouveaux secteurs dans le domaine de la conception et de la construction afin d&rsquo;offrir des produits innovants et de haute qualit\u00e9. <\/span><\/p>\n<p class=\"selectable-text copyable-text x15bjb6t x1n2onr6\" dir=\"ltr\"><span class=\"selectable-text copyable-text\">Voici les prochaines foires auxquelles nous participerons !<\/span><\/p>\n<h2 class=\"selectable-text copyable-text x15bjb6t x1n2onr6\" dir=\"ltr\"><em><span class=\"selectable-text copyable-text\">SICI Cooking Space : 30 septembre &#8211; 3 octobre<\/span><\/em><\/h2>\n<p class=\"selectable-text copyable-text x15bjb6t x1n2onr6\" dir=\"ltr\"><span class=\"selectable-text copyable-text\">Nous entamons notre s\u00e9rie de salons avec Espacio Cocina SICI \u00e0 Valence, o\u00f9 nous pr\u00e9senterons nos derni\u00e8res solutions pour la cuisine, un secteur cl\u00e9 pour nous. Cet \u00e9v\u00e9nement est une occasion fantastique de rencontrer les leaders de l&rsquo;industrie et d&rsquo;explorer les nouvelles tendances en mati\u00e8re de design et de fonctionnalit\u00e9. <\/span><\/p>\n<h2 class=\"selectable-text copyable-text x15bjb6t x1n2onr6\" dir=\"ltr\"><em><span class=\"selectable-text copyable-text\">SICAM : 15-18 octobre<\/span><\/em><\/h2>\n<p class=\"selectable-text copyable-text x15bjb6t x1n2onr6\" dir=\"ltr\"><span class=\"selectable-text copyable-text\">Notre expansion internationale se refl\u00e8te dans notre participation au SICAM en Italie. Lors de cet \u00e9v\u00e9nement, nous pr\u00e9senterons nos meilleurs et nos plus r\u00e9cents produits au niveau international. <\/span><\/p>\n<h2 class=\"selectable-text copyable-text x15bjb6t x1n2onr6\" dir=\"ltr\"><em><span class=\"selectable-text copyable-text\">Semaine du design \u00e0 Malaga : du 21 au 27 octobre<\/span><\/em><\/h2>\n<p class=\"selectable-text copyable-text x15bjb6t x1n2onr6\" dir=\"ltr\"><span class=\"selectable-text copyable-text\">Nous poursuivons notre participation \u00e0 la Semaine du design de Malaga, un \u00e9v\u00e9nement qui c\u00e9l\u00e8bre le design sous toutes ses formes. Cette ann\u00e9e, nous allons plus loin dans notre offre, en nous \u00e9tendant \u00e0 de nouveaux domaines de la d\u00e9coration d&rsquo;int\u00e9rieur, en montrant notre capacit\u00e9 \u00e0 nous adapter et \u00e0 proposer des solutions innovantes pour diff\u00e9rents espaces. <\/span><\/p>\n<h2 class=\"selectable-text copyable-text x15bjb6t x1n2onr6\" dir=\"ltr\"><em><span class=\"selectable-text copyable-text\">Le Big 5 : du 26 au 29 novembre<\/span><\/em><\/h2>\n<p class=\"selectable-text copyable-text x15bjb6t x1n2onr6\" dir=\"ltr\"><span class=\"selectable-text copyable-text\">Nous terminons l&rsquo;ann\u00e9e \u00e0 Duba\u00ef, en participant \u00e0 The Big 5, le plus grand salon de la construction du Moyen-Orient. Nous y pr\u00e9senterons non seulement nos innovations en mati\u00e8re de design int\u00e9rieur et ext\u00e9rieur, mais nous explorerons \u00e9galement de nouvelles applications pour nos produits dans le secteur de la construction, d\u00e9montrant ainsi notre polyvalence et notre engagement en faveur de la qualit\u00e9. <\/span><\/p>\n<p class=\"selectable-text copyable-text x15bjb6t x1n2onr6\" dir=\"ltr\"><span class=\"selectable-text copyable-text\">Nous nous r\u00e9jouissons de partager ces moments avec nos clients, nos partenaires et tous ceux qui s&rsquo;int\u00e9ressent \u00e0 l&rsquo;innovation et au design.<\/span><\/p>\n<p class=\"selectable-text copyable-text x15bjb6t x1n2onr6\" dir=\"ltr\">\n<p class=\"selectable-text copyable-text x15bjb6t x1n2onr6\" dir=\"ltr\"><span class=\"selectable-text copyable-text\">Ne manquez pas nos prochains articles et les mises \u00e0 jour de chaque \u00e9v\u00e9nement !<\/span><\/p>\n<p>[\/et_pb_text][\/et_pb_column][\/et_pb_row][\/et_pb_section]<\/p>\n","protected":false},"excerpt":{"rendered":"<p>C&rsquo;est la saison des foires et des \u00e9v\u00e9nements ! Apr\u00e8s une pause bien m\u00e9rit\u00e9e, nous sommes de retour avec plus d&rsquo;\u00e9nergie que jamais et de grands projets pour cet automne. Non seulement nous participons \u00e0 une s\u00e9rie de salons passionnants, mais nous \u00e9tendons \u00e9galement notre pr\u00e9sence \u00e0 l&rsquo;\u00e9chelle internationale et dans de nouveaux secteurs. Chez [&hellip;]<\/p>\n","protected":false},"author":6,"featured_media":26013389,"comment_status":"closed","ping_status":"open","sticky":false,"template":"","format":"standard","meta":{"_acf_changed":false,"_et_pb_use_builder":"on","_et_pb_old_content":"","_et_gb_content_width":"","footnotes":""},"categories":[1651],"tags":[],"dipi_cpt_category":[],"class_list":["post-26013393","post","type-post","status-publish","format-standard","has-post-thumbnail","hentry","category-sc-herrajes-fr"],"acf":[],"yoast_head":"<!-- This site is optimized with the Yoast SEO plugin v28.3 - https:\/\/yoast.com\/product\/yoast-seo-wordpress\/ -->\n<title>Saison de foires et d&#039;\u00e9v\u00e9nements \u00e0 SC Herrajes - SC Herrajes<\/title>\n<meta name=\"robots\" content=\"index, follow, max-snippet:-1, max-image-preview:large, max-video-preview:-1\" \/>\n<link rel=\"canonical\" href=\"https:\/\/sc-herrajes.com\/fr\/blog\/saison-de-foires-et-devenements-a-sc-herrajes\/\" \/>\n<meta property=\"og:locale\" content=\"fr_FR\" \/>\n<meta property=\"og:type\" content=\"article\" \/>\n<meta property=\"og:title\" content=\"Saison de foires et d&#039;\u00e9v\u00e9nements \u00e0 SC Herrajes - SC Herrajes\" \/>\n<meta property=\"og:description\" content=\"C&#039;est la saison des foires et des \u00e9v\u00e9nements ! Apr\u00e8s une pause bien m\u00e9rit\u00e9e, nous sommes de retour avec plus d&#039;\u00e9nergie que jamais et de grands projets pour cet automne. Non seulement nous participons \u00e0 une s\u00e9rie de salons passionnants, mais nous \u00e9tendons \u00e9galement notre pr\u00e9sence \u00e0 l&#039;\u00e9chelle internationale et dans de nouveaux secteurs. Chez [&hellip;]\" \/>\n<meta property=\"og:url\" content=\"https:\/\/sc-herrajes.com\/fr\/blog\/saison-de-foires-et-devenements-a-sc-herrajes\/\" \/>\n<meta property=\"og:site_name\" content=\"SC Herrajes\" \/>\n<meta property=\"article:published_time\" content=\"2024-09-03T06:48:55+00:00\" \/>\n<meta property=\"article:modified_time\" content=\"2025-10-30T08:04:00+00:00\" \/>\n<meta property=\"og:image\" content=\"https:\/\/sc-herrajes.com\/wp-content\/uploads\/2024\/09\/Temporada-de-Eventos-2024.jpg\" \/>\n\t<meta property=\"og:image:width\" content=\"1500\" \/>\n\t<meta property=\"og:image:height\" content=\"1000\" \/>\n\t<meta property=\"og:image:type\" content=\"image\/jpeg\" \/>\n<meta name=\"twitter:card\" content=\"summary_large_image\" \/>\n<meta name=\"twitter:label1\" content=\"\u00c9crit par\" \/>\n\t<meta name=\"twitter:data1\" content=\"\" \/>\n\t<meta name=\"twitter:label2\" content=\"Dur\u00e9e de lecture estim\u00e9e\" \/>\n\t<meta name=\"twitter:data2\" content=\"3 minutes\" \/>\n<script type=\"application\/ld+json\" class=\"yoast-schema-graph\">{\"@context\":\"https:\\\/\\\/schema.org\",\"@graph\":[{\"@type\":\"Article\",\"@id\":\"https:\\\/\\\/sc-herrajes.com\\\/fr\\\/blog\\\/saison-de-foires-et-devenements-a-sc-herrajes\\\/#article\",\"isPartOf\":{\"@id\":\"https:\\\/\\\/sc-herrajes.com\\\/fr\\\/blog\\\/saison-de-foires-et-devenements-a-sc-herrajes\\\/\"},\"author\":{\"name\":\"\",\"@id\":\"https:\\\/\\\/sc-herrajes.com\\\/fr\\\/#\\\/schema\\\/person\\\/26f2ca89a580a51bbafe24a19ca3c67a\"},\"headline\":\"Saison de foires et d&rsquo;\u00e9v\u00e9nements \u00e0 SC Herrajes\",\"datePublished\":\"2024-09-03T06:48:55+00:00\",\"dateModified\":\"2025-10-30T08:04:00+00:00\",\"mainEntityOfPage\":{\"@id\":\"https:\\\/\\\/sc-herrajes.com\\\/fr\\\/blog\\\/saison-de-foires-et-devenements-a-sc-herrajes\\\/\"},\"wordCount\":537,\"image\":{\"@id\":\"https:\\\/\\\/sc-herrajes.com\\\/fr\\\/blog\\\/saison-de-foires-et-devenements-a-sc-herrajes\\\/#primaryimage\"},\"thumbnailUrl\":\"https:\\\/\\\/sc-herrajes.com\\\/wp-content\\\/uploads\\\/2024\\\/09\\\/Temporada-de-Eventos-2024.jpg\",\"articleSection\":[\"SC Herrajes\"],\"inLanguage\":\"fr-FR\"},{\"@type\":\"WebPage\",\"@id\":\"https:\\\/\\\/sc-herrajes.com\\\/fr\\\/blog\\\/saison-de-foires-et-devenements-a-sc-herrajes\\\/\",\"url\":\"https:\\\/\\\/sc-herrajes.com\\\/fr\\\/blog\\\/saison-de-foires-et-devenements-a-sc-herrajes\\\/\",\"name\":\"Saison de foires et d'\u00e9v\u00e9nements \u00e0 SC Herrajes - SC Herrajes\",\"isPartOf\":{\"@id\":\"https:\\\/\\\/sc-herrajes.com\\\/fr\\\/#website\"},\"primaryImageOfPage\":{\"@id\":\"https:\\\/\\\/sc-herrajes.com\\\/fr\\\/blog\\\/saison-de-foires-et-devenements-a-sc-herrajes\\\/#primaryimage\"},\"image\":{\"@id\":\"https:\\\/\\\/sc-herrajes.com\\\/fr\\\/blog\\\/saison-de-foires-et-devenements-a-sc-herrajes\\\/#primaryimage\"},\"thumbnailUrl\":\"https:\\\/\\\/sc-herrajes.com\\\/wp-content\\\/uploads\\\/2024\\\/09\\\/Temporada-de-Eventos-2024.jpg\",\"datePublished\":\"2024-09-03T06:48:55+00:00\",\"dateModified\":\"2025-10-30T08:04:00+00:00\",\"author\":{\"@id\":\"https:\\\/\\\/sc-herrajes.com\\\/fr\\\/#\\\/schema\\\/person\\\/26f2ca89a580a51bbafe24a19ca3c67a\"},\"breadcrumb\":{\"@id\":\"https:\\\/\\\/sc-herrajes.com\\\/fr\\\/blog\\\/saison-de-foires-et-devenements-a-sc-herrajes\\\/#breadcrumb\"},\"inLanguage\":\"fr-FR\",\"potentialAction\":[{\"@type\":\"ReadAction\",\"target\":[\"https:\\\/\\\/sc-herrajes.com\\\/fr\\\/blog\\\/saison-de-foires-et-devenements-a-sc-herrajes\\\/\"]}]},{\"@type\":\"ImageObject\",\"inLanguage\":\"fr-FR\",\"@id\":\"https:\\\/\\\/sc-herrajes.com\\\/fr\\\/blog\\\/saison-de-foires-et-devenements-a-sc-herrajes\\\/#primaryimage\",\"url\":\"https:\\\/\\\/sc-herrajes.com\\\/wp-content\\\/uploads\\\/2024\\\/09\\\/Temporada-de-Eventos-2024.jpg\",\"contentUrl\":\"https:\\\/\\\/sc-herrajes.com\\\/wp-content\\\/uploads\\\/2024\\\/09\\\/Temporada-de-Eventos-2024.jpg\",\"width\":1500,\"height\":1000},{\"@type\":\"BreadcrumbList\",\"@id\":\"https:\\\/\\\/sc-herrajes.com\\\/fr\\\/blog\\\/saison-de-foires-et-devenements-a-sc-herrajes\\\/#breadcrumb\",\"itemListElement\":[{\"@type\":\"ListItem\",\"position\":1,\"name\":\"INICIO\",\"item\":\"https:\\\/\\\/sc-herrajes.com\\\/fr\\\/\"},{\"@type\":\"ListItem\",\"position\":2,\"name\":\"Saison de foires et d&#8217;\u00e9v\u00e9nements \u00e0 SC Herrajes\"}]},{\"@type\":\"WebSite\",\"@id\":\"https:\\\/\\\/sc-herrajes.com\\\/fr\\\/#website\",\"url\":\"https:\\\/\\\/sc-herrajes.com\\\/fr\\\/\",\"name\":\"SC Herrajes\",\"description\":\"\",\"potentialAction\":[{\"@type\":\"SearchAction\",\"target\":{\"@type\":\"EntryPoint\",\"urlTemplate\":\"https:\\\/\\\/sc-herrajes.com\\\/fr\\\/?s={search_term_string}\"},\"query-input\":{\"@type\":\"PropertyValueSpecification\",\"valueRequired\":true,\"valueName\":\"search_term_string\"}}],\"inLanguage\":\"fr-FR\"},{\"@type\":\"Person\",\"@id\":\"https:\\\/\\\/sc-herrajes.com\\\/fr\\\/#\\\/schema\\\/person\\\/26f2ca89a580a51bbafe24a19ca3c67a\",\"name\":\"\",\"image\":{\"@type\":\"ImageObject\",\"inLanguage\":\"fr-FR\",\"@id\":\"https:\\\/\\\/secure.gravatar.com\\\/avatar\\\/?s=96&d=mm&r=g\",\"url\":\"https:\\\/\\\/secure.gravatar.com\\\/avatar\\\/?s=96&d=mm&r=g\",\"contentUrl\":\"https:\\\/\\\/secure.gravatar.com\\\/avatar\\\/?s=96&d=mm&r=g\"}}]}<\/script>\n<!-- \/ Yoast SEO plugin. -->","yoast_head_json":{"title":"Saison de foires et d'\u00e9v\u00e9nements \u00e0 SC Herrajes - SC Herrajes","robots":{"index":"index","follow":"follow","max-snippet":"max-snippet:-1","max-image-preview":"max-image-preview:large","max-video-preview":"max-video-preview:-1"},"canonical":"https:\/\/sc-herrajes.com\/fr\/blog\/saison-de-foires-et-devenements-a-sc-herrajes\/","og_locale":"fr_FR","og_type":"article","og_title":"Saison de foires et d'\u00e9v\u00e9nements \u00e0 SC Herrajes - SC Herrajes","og_description":"C'est la saison des foires et des \u00e9v\u00e9nements ! Apr\u00e8s une pause bien m\u00e9rit\u00e9e, nous sommes de retour avec plus d'\u00e9nergie que jamais et de grands projets pour cet automne. Non seulement nous participons \u00e0 une s\u00e9rie de salons passionnants, mais nous \u00e9tendons \u00e9galement notre pr\u00e9sence \u00e0 l'\u00e9chelle internationale et dans de nouveaux secteurs. Chez [&hellip;]","og_url":"https:\/\/sc-herrajes.com\/fr\/blog\/saison-de-foires-et-devenements-a-sc-herrajes\/","og_site_name":"SC Herrajes","article_published_time":"2024-09-03T06:48:55+00:00","article_modified_time":"2025-10-30T08:04:00+00:00","og_image":[{"width":1500,"height":1000,"url":"https:\/\/sc-herrajes.com\/wp-content\/uploads\/2024\/09\/Temporada-de-Eventos-2024.jpg","type":"image\/jpeg"}],"twitter_card":"summary_large_image","twitter_misc":{"\u00c9crit par":"","Dur\u00e9e de lecture estim\u00e9e":"3 minutes"},"schema":{"@context":"https:\/\/schema.org","@graph":[{"@type":"Article","@id":"https:\/\/sc-herrajes.com\/fr\/blog\/saison-de-foires-et-devenements-a-sc-herrajes\/#article","isPartOf":{"@id":"https:\/\/sc-herrajes.com\/fr\/blog\/saison-de-foires-et-devenements-a-sc-herrajes\/"},"author":{"name":"","@id":"https:\/\/sc-herrajes.com\/fr\/#\/schema\/person\/26f2ca89a580a51bbafe24a19ca3c67a"},"headline":"Saison de foires et d&rsquo;\u00e9v\u00e9nements \u00e0 SC Herrajes","datePublished":"2024-09-03T06:48:55+00:00","dateModified":"2025-10-30T08:04:00+00:00","mainEntityOfPage":{"@id":"https:\/\/sc-herrajes.com\/fr\/blog\/saison-de-foires-et-devenements-a-sc-herrajes\/"},"wordCount":537,"image":{"@id":"https:\/\/sc-herrajes.com\/fr\/blog\/saison-de-foires-et-devenements-a-sc-herrajes\/#primaryimage"},"thumbnailUrl":"https:\/\/sc-herrajes.com\/wp-content\/uploads\/2024\/09\/Temporada-de-Eventos-2024.jpg","articleSection":["SC Herrajes"],"inLanguage":"fr-FR"},{"@type":"WebPage","@id":"https:\/\/sc-herrajes.com\/fr\/blog\/saison-de-foires-et-devenements-a-sc-herrajes\/","url":"https:\/\/sc-herrajes.com\/fr\/blog\/saison-de-foires-et-devenements-a-sc-herrajes\/","name":"Saison de foires et d'\u00e9v\u00e9nements \u00e0 SC Herrajes - SC Herrajes","isPartOf":{"@id":"https:\/\/sc-herrajes.com\/fr\/#website"},"primaryImageOfPage":{"@id":"https:\/\/sc-herrajes.com\/fr\/blog\/saison-de-foires-et-devenements-a-sc-herrajes\/#primaryimage"},"image":{"@id":"https:\/\/sc-herrajes.com\/fr\/blog\/saison-de-foires-et-devenements-a-sc-herrajes\/#primaryimage"},"thumbnailUrl":"https:\/\/sc-herrajes.com\/wp-content\/uploads\/2024\/09\/Temporada-de-Eventos-2024.jpg","datePublished":"2024-09-03T06:48:55+00:00","dateModified":"2025-10-30T08:04:00+00:00","author":{"@id":"https:\/\/sc-herrajes.com\/fr\/#\/schema\/person\/26f2ca89a580a51bbafe24a19ca3c67a"},"breadcrumb":{"@id":"https:\/\/sc-herrajes.com\/fr\/blog\/saison-de-foires-et-devenements-a-sc-herrajes\/#breadcrumb"},"inLanguage":"fr-FR","potentialAction":[{"@type":"ReadAction","target":["https:\/\/sc-herrajes.com\/fr\/blog\/saison-de-foires-et-devenements-a-sc-herrajes\/"]}]},{"@type":"ImageObject","inLanguage":"fr-FR","@id":"https:\/\/sc-herrajes.com\/fr\/blog\/saison-de-foires-et-devenements-a-sc-herrajes\/#primaryimage","url":"https:\/\/sc-herrajes.com\/wp-content\/uploads\/2024\/09\/Temporada-de-Eventos-2024.jpg","contentUrl":"https:\/\/sc-herrajes.com\/wp-content\/uploads\/2024\/09\/Temporada-de-Eventos-2024.jpg","width":1500,"height":1000},{"@type":"BreadcrumbList","@id":"https:\/\/sc-herrajes.com\/fr\/blog\/saison-de-foires-et-devenements-a-sc-herrajes\/#breadcrumb","itemListElement":[{"@type":"ListItem","position":1,"name":"INICIO","item":"https:\/\/sc-herrajes.com\/fr\/"},{"@type":"ListItem","position":2,"name":"Saison de foires et d&#8217;\u00e9v\u00e9nements \u00e0 SC Herrajes"}]},{"@type":"WebSite","@id":"https:\/\/sc-herrajes.com\/fr\/#website","url":"https:\/\/sc-herrajes.com\/fr\/","name":"SC Herrajes","description":"","potentialAction":[{"@type":"SearchAction","target":{"@type":"EntryPoint","urlTemplate":"https:\/\/sc-herrajes.com\/fr\/?s={search_term_string}"},"query-input":{"@type":"PropertyValueSpecification","valueRequired":true,"valueName":"search_term_string"}}],"inLanguage":"fr-FR"},{"@type":"Person","@id":"https:\/\/sc-herrajes.com\/fr\/#\/schema\/person\/26f2ca89a580a51bbafe24a19ca3c67a","name":"","image":{"@type":"ImageObject","inLanguage":"fr-FR","@id":"https:\/\/secure.gravatar.com\/avatar\/?s=96&d=mm&r=g","url":"https:\/\/secure.gravatar.com\/avatar\/?s=96&d=mm&r=g","contentUrl":"https:\/\/secure.gravatar.com\/avatar\/?s=96&d=mm&r=g"}}]}},"_links":{"self":[{"href":"https:\/\/sc-herrajes.com\/fr\/wp-json\/wp\/v2\/posts\/26013393","targetHints":{"allow":["GET"]}}],"collection":[{"href":"https:\/\/sc-herrajes.com\/fr\/wp-json\/wp\/v2\/posts"}],"about":[{"href":"https:\/\/sc-herrajes.com\/fr\/wp-json\/wp\/v2\/types\/post"}],"author":[{"embeddable":true,"href":"https:\/\/sc-herrajes.com\/fr\/wp-json\/wp\/v2\/users\/6"}],"replies":[{"embeddable":true,"href":"https:\/\/sc-herrajes.com\/fr\/wp-json\/wp\/v2\/comments?post=26013393"}],"version-history":[{"count":2,"href":"https:\/\/sc-herrajes.com\/fr\/wp-json\/wp\/v2\/posts\/26013393\/revisions"}],"predecessor-version":[{"id":26013396,"href":"https:\/\/sc-herrajes.com\/fr\/wp-json\/wp\/v2\/posts\/26013393\/revisions\/26013396"}],"wp:featuredmedia":[{"embeddable":true,"href":"https:\/\/sc-herrajes.com\/fr\/wp-json\/wp\/v2\/media\/26013389"}],"wp:attachment":[{"href":"https:\/\/sc-herrajes.com\/fr\/wp-json\/wp\/v2\/media?parent=26013393"}],"wp:term":[{"taxonomy":"category","embeddable":true,"href":"https:\/\/sc-herrajes.com\/fr\/wp-json\/wp\/v2\/categories?post=26013393"},{"taxonomy":"post_tag","embeddable":true,"href":"https:\/\/sc-herrajes.com\/fr\/wp-json\/wp\/v2\/tags?post=26013393"},{"taxonomy":"dipi_cpt_category","embeddable":true,"href":"https:\/\/sc-herrajes.com\/fr\/wp-json\/wp\/v2\/dipi_cpt_category?post=26013393"}],"curies":[{"name":"wp","href":"https:\/\/api.w.org\/{rel}","templated":true}]}}