{"id":26013376,"date":"2024-11-20T08:51:29","date_gmt":"2024-11-20T07:51:29","guid":{"rendered":"https:\/\/sc-herrajes.com\/blog\/celebration-de-la-journee-des-records-guinness-notre-fierte-pour-la-plus-grande-garde-robe-du-monde\/"},"modified":"2025-10-30T08:56:10","modified_gmt":"2025-10-30T07:56:10","slug":"celebration-de-la-journee-des-records-guinness-notre-fierte-pour-la-plus-grande-garde-robe-du-monde","status":"publish","type":"post","link":"https:\/\/sc-herrajes.com\/fr\/blog\/celebration-de-la-journee-des-records-guinness-notre-fierte-pour-la-plus-grande-garde-robe-du-monde\/","title":{"rendered":"C\u00e9l\u00e9bration de la Journ\u00e9e des records Guinness : notre fiert\u00e9 pour la plus grande garde-robe du monde"},"content":{"rendered":"<p>[et_pb_section fb_built=\u00a0\u00bb1&Prime; _builder_version=\u00a0\u00bb4.16&Prime; _module_preset=\u00a0\u00bbdefault\u00a0\u00bb da_disable_devices=\u00a0\u00bboff|off|off\u00a0\u00bb global_colors_info=\u00a0\u00bb{}\u00a0\u00bb theme_builder_area=\u00a0\u00bbpost_content\u00a0\u00bb da_is_popup=\u00a0\u00bboff\u00a0\u00bb da_exit_intent=\u00a0\u00bboff\u00a0\u00bb da_has_close=\u00a0\u00bbon\u00a0\u00bb da_alt_close=\u00a0\u00bboff\u00a0\u00bb da_dark_close=\u00a0\u00bboff\u00a0\u00bb da_not_modal=\u00a0\u00bbon\u00a0\u00bb da_is_singular=\u00a0\u00bboff\u00a0\u00bb da_with_loader=\u00a0\u00bboff\u00a0\u00bb da_has_shadow=\u00a0\u00bbon\u00a0\u00bb][et_pb_row _builder_version=\u00a0\u00bb4.21.0&Prime; _module_preset=\u00a0\u00bbdefault\u00a0\u00bb global_colors_info=\u00a0\u00bb{}\u00a0\u00bb theme_builder_area=\u00a0\u00bbpost_content\u00a0\u00bb][et_pb_column type=\u00a0\u00bb4_4&Prime; _builder_version=\u00a0\u00bb4.21.0&Prime; _module_preset=\u00a0\u00bbdefault\u00a0\u00bb global_colors_info=\u00a0\u00bb{}\u00a0\u00bb theme_builder_area=\u00a0\u00bbpost_content\u00a0\u00bb][et_pb_text _builder_version=\u00a0\u00bb4.27.3&Prime; text_font=\u00a0\u00bbArial||||||||\u00a0\u00bb link_font=\u00a0\u00bbMontserrat|700|||||||\u00a0\u00bb header_2_font=\u00a0\u00bbArtifak||||||||\u00a0\u00bb background_size=\u00a0\u00bbinitial\u00a0\u00bb background_position=\u00a0\u00bbtop_left\u00a0\u00bb background_repeat=\u00a0\u00bbrepeat\u00a0\u00bb hover_enabled=\u00a0\u00bb0&Prime; locked=\u00a0\u00bboff\u00a0\u00bb global_colors_info=\u00a0\u00bb{}\u00a0\u00bb theme_builder_area=\u00a0\u00bbpost_content\u00a0\u00bb sticky_enabled=\u00a0\u00bb0&Prime;]<\/p>\n<p>Le 21 novembre marque la Journ\u00e9e des records Guinness, une date consacr\u00e9e \u00e0 la reconnaissance des exploits extraordinaires qui inspirent les personnes et les entreprises du monde entier \u00e0 repousser les limites et \u00e0 r\u00e9aliser l&rsquo;impensable. Chez SC Herrajes, cette date rev\u00eat une importance particuli\u00e8re, car elle nous renvoie \u00e0 l&rsquo;un des moments les plus passionnants de notre histoire r\u00e9cente : notre parrainage et notre collaboration \u00e0 l&rsquo;\u00e9v\u00e9nement organis\u00e9 par Uecko, au cours duquel a \u00e9t\u00e9 construite l&rsquo;armoire la plus haute du monde. Lorsque Uecko nous a pr\u00e9sent\u00e9 l&rsquo;id\u00e9e, nous n&rsquo;avons pas h\u00e9sit\u00e9 une seconde. En tant qu&rsquo;entreprise qui valorise l&rsquo;effort, l&rsquo;innovation et l&rsquo;excellence, nous savions que ce projet \u00e9tait une occasion unique de participer \u00e0 quelque chose de vraiment extraordinaire. Chez SC Herrajes, nous savons que derri\u00e8re chaque grande r\u00e9alisation se cache une \u00e9quipe engag\u00e9e. Collaborer avec Uecko sur ce projet nous a permis de r\u00e9affirmer notre philosophie : la valeur humaine est au c\u0153ur de tout succ\u00e8s. Le jour de l&rsquo;\u00e9v\u00e9nement a \u00e9t\u00e9 magique. Voir l&rsquo;armoire termin\u00e9e, avec son design \u00e9poustouflant et sa fonctionnalit\u00e9 irr\u00e9prochable, a t\u00e9moign\u00e9 de l&rsquo;engagement et de la comp\u00e9tence de toutes les personnes impliqu\u00e9es.       <\/p>\n<p>[\/et_pb_text][et_pb_image src=\u00a0\u00bbhttps:\/\/sc-herrajes.com\/wp-content\/uploads\/2024\/11\/El-Armario-Mas-grande-del-mundo-1.jpg\u00a0\u00bb title_text=\u00a0\u00bbLa plus grande armoire du monde-1&Prime; _builder_version=\u00a0\u00bb4.27.3&Prime; _module_preset=\u00a0\u00bbdefault\u00a0\u00bb hover_enabled=\u00a0\u00bb0&Prime; global_colors_info=\u00a0\u00bb{}\u00a0\u00bb theme_builder_area=\u00a0\u00bbpost_content\u00a0\u00bb sticky_enabled=\u00a0\u00bb0&Prime;][\/et_pb_image][et_pb_text _builder_version=\u00a0\u00bb4.27.3&Prime; text_font=\u00a0\u00bbArial||||||||\u00a0\u00bb link_font=\u00a0\u00bbMontserrat|700|||||||\u00a0\u00bb header_2_font=\u00a0\u00bbArtifak||||||||\u00a0\u00bb background_size=\u00a0\u00bbinitial\u00a0\u00bb background_position=\u00a0\u00bbtop_left\u00a0\u00bb background_repeat=\u00a0\u00bbrepeat\u00a0\u00bb hover_enabled=\u00a0\u00bb0&Prime; locked=\u00a0\u00bboff\u00a0\u00bb global_colors_info=\u00a0\u00bb{}\u00a0\u00bb theme_builder_area=\u00a0\u00bbpost_content\u00a0\u00bb sticky_enabled=\u00a0\u00bb0&Prime;]<\/p>\n<h2>Une journ\u00e9e inoubliable<\/h2>\n<p>L&rsquo;atmosph\u00e8re de l&rsquo;\u00e9v\u00e9nement \u00e9tait \u00e9lectrique. Familles, amis et professionnels se sont rassembl\u00e9s pour assister et appr\u00e9cier la musique et les moments de joie. Cependant, pour nous, un<br \/>des moments les plus sp\u00e9ciaux a \u00e9t\u00e9 le tirage au sort d&rsquo;un repas pour 2 personnes au prestigieux restaurant El Boh\u00edo, par le chef renomm\u00e9 Pepe Rodr\u00edguez.  <\/p>\n<p>Le tirage au sort a suscit\u00e9 beaucoup d&rsquo;enthousiasme parmi les participants et, finalement, l&rsquo;heureuse gagnante a \u00e9t\u00e9 Laura Carrillo, qui vivra une exp\u00e9rience gastronomique inoubliable. L&rsquo;excitation qu&rsquo;elle a ressentie \u00e0 l&rsquo;annonce de son nom a \u00e9t\u00e9 la cerise sur le g\u00e2teau d&rsquo;une journ\u00e9e pleine de satisfaction et de fiert\u00e9. La Journ\u00e9e des records Guinness nous invite \u00e0 r\u00e9fl\u00e9chir \u00e0 ce que signifie le d\u00e9passement des limites, et la plus grande armoire du monde en est un parfait exemple. Cette exp\u00e9rience restera grav\u00e9e dans nos m\u00e9moires et dans celles de tous ceux qui y ont particip\u00e9.   <\/p>\n<p>[\/et_pb_text][et_pb_image src=\u00a0\u00bbhttps:\/\/sc-herrajes.com\/wp-content\/uploads\/2024\/11\/El-Armario-Mas-grande-del-mundo-2.jpg\u00a0\u00bb title_text=\u00a0\u00bbLa plus grande armoire du monde-2&Prime; _builder_version=\u00a0\u00bb4.27.3&Prime; _module_preset=\u00a0\u00bbdefault\u00a0\u00bb hover_enabled=\u00a0\u00bb0&Prime; global_colors_info=\u00a0\u00bb{}\u00a0\u00bb theme_builder_area=\u00a0\u00bbpost_content\u00a0\u00bb sticky_enabled=\u00a0\u00bb0&Prime;][\/et_pb_image][et_pb_text _builder_version=\u00a0\u00bb4.27.3&Prime; text_font=\u00a0\u00bbArial||||||||\u00a0\u00bb link_font=\u00a0\u00bbMontserrat|700|||||||\u00a0\u00bb header_2_font=\u00a0\u00bbArtifak||||||||\u00a0\u00bb background_size=\u00a0\u00bbinitial\u00a0\u00bb background_position=\u00a0\u00bbtop_left\u00a0\u00bb background_repeat=\u00a0\u00bbrepeat\u00a0\u00bb hover_enabled=\u00a0\u00bb0&Prime; locked=\u00a0\u00bboff\u00a0\u00bb global_colors_info=\u00a0\u00bb{}\u00a0\u00bb theme_builder_area=\u00a0\u00bbpost_content\u00a0\u00bb sticky_enabled=\u00a0\u00bb0&Prime;]<\/p>\n<h2>Merci de faire partie de<\/h2>\n<p>En ce jour sp\u00e9cial, nous voudrions remercier Uecko de nous avoir choisis pour faire partie de ce r\u00eave, notre \u00e9quipe de SC Herrajes pour ses efforts inlassables, et tous ceux qui nous ont accompagn\u00e9s en ce jour inoubliable. Nous c\u00e9l\u00e9brons non seulement le record, mais aussi l&rsquo;union, la cr\u00e9ativit\u00e9 et l&rsquo;esprit d&rsquo;am\u00e9lioration qui ont rendu ces r\u00e9alisations possibles. Si cette exp\u00e9rience nous a apport\u00e9 quelque chose, c&rsquo;est la certitude que les limites n&rsquo;existent pas lorsque nous travaillons ensemble et que nous mettons tout notre c\u0153ur dans ce que nous faisons. Le parrainage d&rsquo;un \u00e9v\u00e9nement de cette ampleur nous a non seulement remplis de fiert\u00e9, mais a \u00e9galement renforc\u00e9 notre engagement \u00e0 continuer de soutenir des projets qui inspirent et transcendent. En tant qu&rsquo;entreprise, nous pensons que chaque record, chaque \u00e9tape franchie, est l&rsquo;occasion de se rappeler que l&rsquo;extraordinaire est toujours \u00e0 la port\u00e9e de ceux qui osent r\u00eaver.    <\/p>\n<p>Merci de faire partie de notre histoire !<\/p>\n<p>[\/et_pb_text][et_pb_video src=\u00a0\u00bbhttps:\/\/sc-herrajes.com\/wp-content\/uploads\/2024\/11\/El-armario-ma-grande-del-mundo.mp4&Prime; _builder_version=\u00a0\u00bb4.27.3&Prime; _module_preset=\u00a0\u00bbdefault\u00a0\u00bb theme_builder_area=\u00a0\u00bbpost_content\u00a0\u00bb title_text=\u00a0\u00bbEl armario m\u00e1 grande del mundo\u00a0\u00bb hover_enabled=\u00a0\u00bb0&Prime; sticky_enabled=\u00a0\u00bb0&Prime;][\/et_pb_video][\/et_pb_column][\/et_pb_row][\/et_pb_section]<\/p>\n","protected":false},"excerpt":{"rendered":"<p>Le 21 novembre marque la Journ\u00e9e des records Guinness, une date consacr\u00e9e \u00e0 la reconnaissance des exploits extraordinaires qui inspirent les personnes et les entreprises du monde entier \u00e0 repousser les limites et \u00e0 r\u00e9aliser l&rsquo;impensable. Chez SC Herrajes, cette date rev\u00eat une importance particuli\u00e8re, car elle nous renvoie \u00e0 l&rsquo;un des moments les plus [&hellip;]<\/p>\n","protected":false},"author":6,"featured_media":26013372,"comment_status":"closed","ping_status":"open","sticky":false,"template":"","format":"standard","meta":{"_acf_changed":false,"_et_pb_use_builder":"on","_et_pb_old_content":"","_et_gb_content_width":"","footnotes":""},"categories":[1651],"tags":[],"dipi_cpt_category":[],"class_list":["post-26013376","post","type-post","status-publish","format-standard","has-post-thumbnail","hentry","category-sc-herrajes-fr"],"acf":[],"yoast_head":"<!-- This site is optimized with the Yoast SEO plugin v28.3 - https:\/\/yoast.com\/product\/yoast-seo-wordpress\/ -->\n<title>C\u00e9l\u00e9bration de la Journ\u00e9e des records Guinness : notre fiert\u00e9 pour la plus grande garde-robe du monde - SC Herrajes<\/title>\n<meta name=\"robots\" content=\"index, follow, max-snippet:-1, max-image-preview:large, max-video-preview:-1\" \/>\n<link rel=\"canonical\" href=\"https:\/\/sc-herrajes.com\/fr\/blog\/celebration-de-la-journee-des-records-guinness-notre-fierte-pour-la-plus-grande-garde-robe-du-monde\/\" \/>\n<meta property=\"og:locale\" content=\"fr_FR\" \/>\n<meta property=\"og:type\" content=\"article\" \/>\n<meta property=\"og:title\" content=\"C\u00e9l\u00e9bration de la Journ\u00e9e des records Guinness : notre fiert\u00e9 pour la plus grande garde-robe du monde - SC Herrajes\" \/>\n<meta property=\"og:description\" content=\"Le 21 novembre marque la Journ\u00e9e des records Guinness, une date consacr\u00e9e \u00e0 la reconnaissance des exploits extraordinaires qui inspirent les personnes et les entreprises du monde entier \u00e0 repousser les limites et \u00e0 r\u00e9aliser l&#039;impensable. Chez SC Herrajes, cette date rev\u00eat une importance particuli\u00e8re, car elle nous renvoie \u00e0 l&#039;un des moments les plus [&hellip;]\" \/>\n<meta property=\"og:url\" content=\"https:\/\/sc-herrajes.com\/fr\/blog\/celebration-de-la-journee-des-records-guinness-notre-fierte-pour-la-plus-grande-garde-robe-du-monde\/\" \/>\n<meta property=\"og:site_name\" content=\"SC Herrajes\" \/>\n<meta property=\"article:published_time\" content=\"2024-11-20T07:51:29+00:00\" \/>\n<meta property=\"article:modified_time\" content=\"2025-10-30T07:56:10+00:00\" \/>\n<meta property=\"og:image\" content=\"https:\/\/sc-herrajes.com\/wp-content\/uploads\/2024\/11\/El-Armario-Mas-grande-del-mundo.jpg\" \/>\n\t<meta property=\"og:image:width\" content=\"1200\" \/>\n\t<meta property=\"og:image:height\" content=\"675\" \/>\n\t<meta property=\"og:image:type\" content=\"image\/jpeg\" \/>\n<meta name=\"twitter:card\" content=\"summary_large_image\" \/>\n<meta name=\"twitter:label1\" content=\"\u00c9crit par\" \/>\n\t<meta name=\"twitter:data1\" content=\"\" \/>\n\t<meta name=\"twitter:label2\" content=\"Dur\u00e9e de lecture estim\u00e9e\" \/>\n\t<meta name=\"twitter:data2\" content=\"4 minutes\" \/>\n<script type=\"application\/ld+json\" class=\"yoast-schema-graph\">{\"@context\":\"https:\\\/\\\/schema.org\",\"@graph\":[{\"@type\":\"Article\",\"@id\":\"https:\\\/\\\/sc-herrajes.com\\\/fr\\\/blog\\\/celebration-de-la-journee-des-records-guinness-notre-fierte-pour-la-plus-grande-garde-robe-du-monde\\\/#article\",\"isPartOf\":{\"@id\":\"https:\\\/\\\/sc-herrajes.com\\\/fr\\\/blog\\\/celebration-de-la-journee-des-records-guinness-notre-fierte-pour-la-plus-grande-garde-robe-du-monde\\\/\"},\"author\":{\"name\":\"\",\"@id\":\"https:\\\/\\\/sc-herrajes.com\\\/fr\\\/#\\\/schema\\\/person\\\/26f2ca89a580a51bbafe24a19ca3c67a\"},\"headline\":\"C\u00e9l\u00e9bration de la Journ\u00e9e des records Guinness : notre fiert\u00e9 pour la plus grande garde-robe du monde\",\"datePublished\":\"2024-11-20T07:51:29+00:00\",\"dateModified\":\"2025-10-30T07:56:10+00:00\",\"mainEntityOfPage\":{\"@id\":\"https:\\\/\\\/sc-herrajes.com\\\/fr\\\/blog\\\/celebration-de-la-journee-des-records-guinness-notre-fierte-pour-la-plus-grande-garde-robe-du-monde\\\/\"},\"wordCount\":928,\"image\":{\"@id\":\"https:\\\/\\\/sc-herrajes.com\\\/fr\\\/blog\\\/celebration-de-la-journee-des-records-guinness-notre-fierte-pour-la-plus-grande-garde-robe-du-monde\\\/#primaryimage\"},\"thumbnailUrl\":\"https:\\\/\\\/sc-herrajes.com\\\/wp-content\\\/uploads\\\/2024\\\/11\\\/El-Armario-Mas-grande-del-mundo.jpg\",\"articleSection\":[\"SC Herrajes\"],\"inLanguage\":\"fr-FR\"},{\"@type\":\"WebPage\",\"@id\":\"https:\\\/\\\/sc-herrajes.com\\\/fr\\\/blog\\\/celebration-de-la-journee-des-records-guinness-notre-fierte-pour-la-plus-grande-garde-robe-du-monde\\\/\",\"url\":\"https:\\\/\\\/sc-herrajes.com\\\/fr\\\/blog\\\/celebration-de-la-journee-des-records-guinness-notre-fierte-pour-la-plus-grande-garde-robe-du-monde\\\/\",\"name\":\"C\u00e9l\u00e9bration de la Journ\u00e9e des records Guinness : notre fiert\u00e9 pour la plus grande garde-robe du monde - SC Herrajes\",\"isPartOf\":{\"@id\":\"https:\\\/\\\/sc-herrajes.com\\\/fr\\\/#website\"},\"primaryImageOfPage\":{\"@id\":\"https:\\\/\\\/sc-herrajes.com\\\/fr\\\/blog\\\/celebration-de-la-journee-des-records-guinness-notre-fierte-pour-la-plus-grande-garde-robe-du-monde\\\/#primaryimage\"},\"image\":{\"@id\":\"https:\\\/\\\/sc-herrajes.com\\\/fr\\\/blog\\\/celebration-de-la-journee-des-records-guinness-notre-fierte-pour-la-plus-grande-garde-robe-du-monde\\\/#primaryimage\"},\"thumbnailUrl\":\"https:\\\/\\\/sc-herrajes.com\\\/wp-content\\\/uploads\\\/2024\\\/11\\\/El-Armario-Mas-grande-del-mundo.jpg\",\"datePublished\":\"2024-11-20T07:51:29+00:00\",\"dateModified\":\"2025-10-30T07:56:10+00:00\",\"author\":{\"@id\":\"https:\\\/\\\/sc-herrajes.com\\\/fr\\\/#\\\/schema\\\/person\\\/26f2ca89a580a51bbafe24a19ca3c67a\"},\"breadcrumb\":{\"@id\":\"https:\\\/\\\/sc-herrajes.com\\\/fr\\\/blog\\\/celebration-de-la-journee-des-records-guinness-notre-fierte-pour-la-plus-grande-garde-robe-du-monde\\\/#breadcrumb\"},\"inLanguage\":\"fr-FR\",\"potentialAction\":[{\"@type\":\"ReadAction\",\"target\":[\"https:\\\/\\\/sc-herrajes.com\\\/fr\\\/blog\\\/celebration-de-la-journee-des-records-guinness-notre-fierte-pour-la-plus-grande-garde-robe-du-monde\\\/\"]}]},{\"@type\":\"ImageObject\",\"inLanguage\":\"fr-FR\",\"@id\":\"https:\\\/\\\/sc-herrajes.com\\\/fr\\\/blog\\\/celebration-de-la-journee-des-records-guinness-notre-fierte-pour-la-plus-grande-garde-robe-du-monde\\\/#primaryimage\",\"url\":\"https:\\\/\\\/sc-herrajes.com\\\/wp-content\\\/uploads\\\/2024\\\/11\\\/El-Armario-Mas-grande-del-mundo.jpg\",\"contentUrl\":\"https:\\\/\\\/sc-herrajes.com\\\/wp-content\\\/uploads\\\/2024\\\/11\\\/El-Armario-Mas-grande-del-mundo.jpg\",\"width\":1200,\"height\":675},{\"@type\":\"BreadcrumbList\",\"@id\":\"https:\\\/\\\/sc-herrajes.com\\\/fr\\\/blog\\\/celebration-de-la-journee-des-records-guinness-notre-fierte-pour-la-plus-grande-garde-robe-du-monde\\\/#breadcrumb\",\"itemListElement\":[{\"@type\":\"ListItem\",\"position\":1,\"name\":\"INICIO\",\"item\":\"https:\\\/\\\/sc-herrajes.com\\\/fr\\\/\"},{\"@type\":\"ListItem\",\"position\":2,\"name\":\"C\u00e9l\u00e9bration de la Journ\u00e9e des records Guinness : notre fiert\u00e9 pour la plus grande garde-robe du monde\"}]},{\"@type\":\"WebSite\",\"@id\":\"https:\\\/\\\/sc-herrajes.com\\\/fr\\\/#website\",\"url\":\"https:\\\/\\\/sc-herrajes.com\\\/fr\\\/\",\"name\":\"SC Herrajes\",\"description\":\"\",\"potentialAction\":[{\"@type\":\"SearchAction\",\"target\":{\"@type\":\"EntryPoint\",\"urlTemplate\":\"https:\\\/\\\/sc-herrajes.com\\\/fr\\\/?s={search_term_string}\"},\"query-input\":{\"@type\":\"PropertyValueSpecification\",\"valueRequired\":true,\"valueName\":\"search_term_string\"}}],\"inLanguage\":\"fr-FR\"},{\"@type\":\"Person\",\"@id\":\"https:\\\/\\\/sc-herrajes.com\\\/fr\\\/#\\\/schema\\\/person\\\/26f2ca89a580a51bbafe24a19ca3c67a\",\"name\":\"\",\"image\":{\"@type\":\"ImageObject\",\"inLanguage\":\"fr-FR\",\"@id\":\"https:\\\/\\\/secure.gravatar.com\\\/avatar\\\/?s=96&d=mm&r=g\",\"url\":\"https:\\\/\\\/secure.gravatar.com\\\/avatar\\\/?s=96&d=mm&r=g\",\"contentUrl\":\"https:\\\/\\\/secure.gravatar.com\\\/avatar\\\/?s=96&d=mm&r=g\"}}]}<\/script>\n<!-- \/ Yoast SEO plugin. -->","yoast_head_json":{"title":"C\u00e9l\u00e9bration de la Journ\u00e9e des records Guinness : notre fiert\u00e9 pour la plus grande garde-robe du monde - SC Herrajes","robots":{"index":"index","follow":"follow","max-snippet":"max-snippet:-1","max-image-preview":"max-image-preview:large","max-video-preview":"max-video-preview:-1"},"canonical":"https:\/\/sc-herrajes.com\/fr\/blog\/celebration-de-la-journee-des-records-guinness-notre-fierte-pour-la-plus-grande-garde-robe-du-monde\/","og_locale":"fr_FR","og_type":"article","og_title":"C\u00e9l\u00e9bration de la Journ\u00e9e des records Guinness : notre fiert\u00e9 pour la plus grande garde-robe du monde - SC Herrajes","og_description":"Le 21 novembre marque la Journ\u00e9e des records Guinness, une date consacr\u00e9e \u00e0 la reconnaissance des exploits extraordinaires qui inspirent les personnes et les entreprises du monde entier \u00e0 repousser les limites et \u00e0 r\u00e9aliser l'impensable. Chez SC Herrajes, cette date rev\u00eat une importance particuli\u00e8re, car elle nous renvoie \u00e0 l'un des moments les plus [&hellip;]","og_url":"https:\/\/sc-herrajes.com\/fr\/blog\/celebration-de-la-journee-des-records-guinness-notre-fierte-pour-la-plus-grande-garde-robe-du-monde\/","og_site_name":"SC Herrajes","article_published_time":"2024-11-20T07:51:29+00:00","article_modified_time":"2025-10-30T07:56:10+00:00","og_image":[{"width":1200,"height":675,"url":"https:\/\/sc-herrajes.com\/wp-content\/uploads\/2024\/11\/El-Armario-Mas-grande-del-mundo.jpg","type":"image\/jpeg"}],"twitter_card":"summary_large_image","twitter_misc":{"\u00c9crit par":"","Dur\u00e9e de lecture estim\u00e9e":"4 minutes"},"schema":{"@context":"https:\/\/schema.org","@graph":[{"@type":"Article","@id":"https:\/\/sc-herrajes.com\/fr\/blog\/celebration-de-la-journee-des-records-guinness-notre-fierte-pour-la-plus-grande-garde-robe-du-monde\/#article","isPartOf":{"@id":"https:\/\/sc-herrajes.com\/fr\/blog\/celebration-de-la-journee-des-records-guinness-notre-fierte-pour-la-plus-grande-garde-robe-du-monde\/"},"author":{"name":"","@id":"https:\/\/sc-herrajes.com\/fr\/#\/schema\/person\/26f2ca89a580a51bbafe24a19ca3c67a"},"headline":"C\u00e9l\u00e9bration de la Journ\u00e9e des records Guinness : notre fiert\u00e9 pour la plus grande garde-robe du monde","datePublished":"2024-11-20T07:51:29+00:00","dateModified":"2025-10-30T07:56:10+00:00","mainEntityOfPage":{"@id":"https:\/\/sc-herrajes.com\/fr\/blog\/celebration-de-la-journee-des-records-guinness-notre-fierte-pour-la-plus-grande-garde-robe-du-monde\/"},"wordCount":928,"image":{"@id":"https:\/\/sc-herrajes.com\/fr\/blog\/celebration-de-la-journee-des-records-guinness-notre-fierte-pour-la-plus-grande-garde-robe-du-monde\/#primaryimage"},"thumbnailUrl":"https:\/\/sc-herrajes.com\/wp-content\/uploads\/2024\/11\/El-Armario-Mas-grande-del-mundo.jpg","articleSection":["SC Herrajes"],"inLanguage":"fr-FR"},{"@type":"WebPage","@id":"https:\/\/sc-herrajes.com\/fr\/blog\/celebration-de-la-journee-des-records-guinness-notre-fierte-pour-la-plus-grande-garde-robe-du-monde\/","url":"https:\/\/sc-herrajes.com\/fr\/blog\/celebration-de-la-journee-des-records-guinness-notre-fierte-pour-la-plus-grande-garde-robe-du-monde\/","name":"C\u00e9l\u00e9bration de la Journ\u00e9e des records Guinness : notre fiert\u00e9 pour la plus grande garde-robe du monde - SC Herrajes","isPartOf":{"@id":"https:\/\/sc-herrajes.com\/fr\/#website"},"primaryImageOfPage":{"@id":"https:\/\/sc-herrajes.com\/fr\/blog\/celebration-de-la-journee-des-records-guinness-notre-fierte-pour-la-plus-grande-garde-robe-du-monde\/#primaryimage"},"image":{"@id":"https:\/\/sc-herrajes.com\/fr\/blog\/celebration-de-la-journee-des-records-guinness-notre-fierte-pour-la-plus-grande-garde-robe-du-monde\/#primaryimage"},"thumbnailUrl":"https:\/\/sc-herrajes.com\/wp-content\/uploads\/2024\/11\/El-Armario-Mas-grande-del-mundo.jpg","datePublished":"2024-11-20T07:51:29+00:00","dateModified":"2025-10-30T07:56:10+00:00","author":{"@id":"https:\/\/sc-herrajes.com\/fr\/#\/schema\/person\/26f2ca89a580a51bbafe24a19ca3c67a"},"breadcrumb":{"@id":"https:\/\/sc-herrajes.com\/fr\/blog\/celebration-de-la-journee-des-records-guinness-notre-fierte-pour-la-plus-grande-garde-robe-du-monde\/#breadcrumb"},"inLanguage":"fr-FR","potentialAction":[{"@type":"ReadAction","target":["https:\/\/sc-herrajes.com\/fr\/blog\/celebration-de-la-journee-des-records-guinness-notre-fierte-pour-la-plus-grande-garde-robe-du-monde\/"]}]},{"@type":"ImageObject","inLanguage":"fr-FR","@id":"https:\/\/sc-herrajes.com\/fr\/blog\/celebration-de-la-journee-des-records-guinness-notre-fierte-pour-la-plus-grande-garde-robe-du-monde\/#primaryimage","url":"https:\/\/sc-herrajes.com\/wp-content\/uploads\/2024\/11\/El-Armario-Mas-grande-del-mundo.jpg","contentUrl":"https:\/\/sc-herrajes.com\/wp-content\/uploads\/2024\/11\/El-Armario-Mas-grande-del-mundo.jpg","width":1200,"height":675},{"@type":"BreadcrumbList","@id":"https:\/\/sc-herrajes.com\/fr\/blog\/celebration-de-la-journee-des-records-guinness-notre-fierte-pour-la-plus-grande-garde-robe-du-monde\/#breadcrumb","itemListElement":[{"@type":"ListItem","position":1,"name":"INICIO","item":"https:\/\/sc-herrajes.com\/fr\/"},{"@type":"ListItem","position":2,"name":"C\u00e9l\u00e9bration de la Journ\u00e9e des records Guinness : notre fiert\u00e9 pour la plus grande garde-robe du monde"}]},{"@type":"WebSite","@id":"https:\/\/sc-herrajes.com\/fr\/#website","url":"https:\/\/sc-herrajes.com\/fr\/","name":"SC Herrajes","description":"","potentialAction":[{"@type":"SearchAction","target":{"@type":"EntryPoint","urlTemplate":"https:\/\/sc-herrajes.com\/fr\/?s={search_term_string}"},"query-input":{"@type":"PropertyValueSpecification","valueRequired":true,"valueName":"search_term_string"}}],"inLanguage":"fr-FR"},{"@type":"Person","@id":"https:\/\/sc-herrajes.com\/fr\/#\/schema\/person\/26f2ca89a580a51bbafe24a19ca3c67a","name":"","image":{"@type":"ImageObject","inLanguage":"fr-FR","@id":"https:\/\/secure.gravatar.com\/avatar\/?s=96&d=mm&r=g","url":"https:\/\/secure.gravatar.com\/avatar\/?s=96&d=mm&r=g","contentUrl":"https:\/\/secure.gravatar.com\/avatar\/?s=96&d=mm&r=g"}}]}},"_links":{"self":[{"href":"https:\/\/sc-herrajes.com\/fr\/wp-json\/wp\/v2\/posts\/26013376","targetHints":{"allow":["GET"]}}],"collection":[{"href":"https:\/\/sc-herrajes.com\/fr\/wp-json\/wp\/v2\/posts"}],"about":[{"href":"https:\/\/sc-herrajes.com\/fr\/wp-json\/wp\/v2\/types\/post"}],"author":[{"embeddable":true,"href":"https:\/\/sc-herrajes.com\/fr\/wp-json\/wp\/v2\/users\/6"}],"replies":[{"embeddable":true,"href":"https:\/\/sc-herrajes.com\/fr\/wp-json\/wp\/v2\/comments?post=26013376"}],"version-history":[{"count":2,"href":"https:\/\/sc-herrajes.com\/fr\/wp-json\/wp\/v2\/posts\/26013376\/revisions"}],"predecessor-version":[{"id":26013378,"href":"https:\/\/sc-herrajes.com\/fr\/wp-json\/wp\/v2\/posts\/26013376\/revisions\/26013378"}],"wp:featuredmedia":[{"embeddable":true,"href":"https:\/\/sc-herrajes.com\/fr\/wp-json\/wp\/v2\/media\/26013372"}],"wp:attachment":[{"href":"https:\/\/sc-herrajes.com\/fr\/wp-json\/wp\/v2\/media?parent=26013376"}],"wp:term":[{"taxonomy":"category","embeddable":true,"href":"https:\/\/sc-herrajes.com\/fr\/wp-json\/wp\/v2\/categories?post=26013376"},{"taxonomy":"post_tag","embeddable":true,"href":"https:\/\/sc-herrajes.com\/fr\/wp-json\/wp\/v2\/tags?post=26013376"},{"taxonomy":"dipi_cpt_category","embeddable":true,"href":"https:\/\/sc-herrajes.com\/fr\/wp-json\/wp\/v2\/dipi_cpt_category?post=26013376"}],"curies":[{"name":"wp","href":"https:\/\/api.w.org\/{rel}","templated":true}]}}