{"id":26013103,"date":"2025-05-15T11:53:06","date_gmt":"2025-05-15T09:53:06","guid":{"rendered":"https:\/\/sc-herrajes.com\/blog\/casa-decor-2025-un-evenement-incontournable\/"},"modified":"2025-10-30T08:35:56","modified_gmt":"2025-10-30T07:35:56","slug":"casa-decor-2025-un-evenement-incontournable","status":"publish","type":"post","link":"https:\/\/sc-herrajes.com\/fr\/blog\/casa-decor-2025-un-evenement-incontournable\/","title":{"rendered":"Casa Decor 2025 : un \u00e9v\u00e9nement incontournable"},"content":{"rendered":"\n<p class=\"wp-block-paragraph\">Chaque ann\u00e9e, Madrid devient l&rsquo;\u00e9picentre de la d\u00e9coration d&rsquo;int\u00e9rieur, et Casa Decor 2025 ne fait pas exception. Cette \u00e9dition promet de surprendre avec des espaces innovants, des solutions durables et des propositions qui d\u00e9finissent les normes de la d\u00e9coration d&rsquo;int\u00e9rieur d&rsquo;aujourd&rsquo;hui.   <\/p>\n\n<p class=\"wp-block-paragraph\">Plus qu&rsquo;une exposition, il s&rsquo;agit d&rsquo;une exp\u00e9rience qui r\u00e9unit les meilleurs professionnels du secteur pour montrer au public et \u00e0 d&rsquo;autres experts o\u00f9 va le monde du design. Chez <a href=\"https:\/\/sc-herrajes.com\/fr\/\">SC Herrajes<\/a>, nous voulons vous donner tous les d\u00e9tails de l&rsquo;\u00e9dition de cette ann\u00e9e. <\/p>\n\n<h2 class=\"wp-block-heading\">Histoire et \u00e9volution de Casa Decor<\/h2>\n\n<p class=\"wp-block-paragraph\">Depuis 1992, <a href=\"https:\/\/casadecor.es\/\">Casa Decor<\/a> est une vitrine de la cr\u00e9ativit\u00e9 et du talent. Au fil des ans, elle est devenue l&rsquo;\u00e9v\u00e9nement de r\u00e9f\u00e9rence en mati\u00e8re de d\u00e9coration d&rsquo;int\u00e9rieur en Espagne et a acquis un certain prestige au niveau international.   <\/p>\n\n<p class=\"wp-block-paragraph\">Chaque \u00e9dition se d\u00e9roule dans un b\u00e2timent diff\u00e9rent, ce qui ajoute une composante architecturale unique et permet des interventions int\u00e9gr\u00e9es dans des espaces r\u00e9els.<\/p>\n\n<h3 class=\"wp-block-heading\">Dates et lieu de l&rsquo;\u00e9dition 2025<\/h3>\n\n<p class=\"wp-block-paragraph\">Casa Decor 2025 se tiendra du 3 avril au 18 mai dans le b\u00e2timent Sagasta 33, au c\u0153ur du quartier de Salamanque.  <\/p>\n\n<p class=\"wp-block-paragraph\">Un b\u00e2timent majestueux datant de 1925 qui allie \u00e9l\u00e9gance classique et potentiel cr\u00e9atif. L&#8217;emplacement n&rsquo;est pas une co\u00efncidence : l&rsquo;espace lui-m\u00eame est \u00e9galement un protagoniste. <\/p>\n\n<figure class=\"wp-block-gallery has-nested-images columns-default is-cropped wp-block-gallery-1 is-layout-flex wp-block-gallery-is-layout-flex\">\n<figure class=\"wp-block-image size-large\"><a href=\"https:\/\/sc-herrajes.com\/wp-content\/uploads\/2025\/05\/casa-deocr-7-scaled.jpg\"><img loading=\"lazy\" decoding=\"async\" width=\"683\" height=\"1024\" data-id=\"26006636\" src=\"https:\/\/sc-herrajes.com\/wp-content\/uploads\/2025\/05\/casa-deocr-7-683x1024.jpg\" alt=\"\" class=\"wp-image-26006636\"\/><\/a><\/figure>\n\n\n\n<figure class=\"wp-block-image size-large\"><a href=\"https:\/\/sc-herrajes.com\/wp-content\/uploads\/2025\/05\/casa-deocr-4.jpg\"><img loading=\"lazy\" decoding=\"async\" width=\"683\" height=\"1024\" data-id=\"26006633\" src=\"https:\/\/sc-herrajes.com\/wp-content\/uploads\/2025\/05\/casa-deocr-4-683x1024.jpg\" alt=\"\" class=\"wp-image-26006633\"\/><\/a><\/figure>\n\n\n\n<figure class=\"wp-block-image size-large\"><a href=\"https:\/\/sc-herrajes.com\/wp-content\/uploads\/2025\/05\/casa-decor-3.jpg\"><img loading=\"lazy\" decoding=\"async\" width=\"683\" height=\"1024\" data-id=\"26006630\" src=\"https:\/\/sc-herrajes.com\/wp-content\/uploads\/2025\/05\/casa-decor-3-683x1024.jpg\" alt=\"\" class=\"wp-image-26006630\"\/><\/a><\/figure>\n<\/figure>\n\n<h3 class=\"wp-block-heading\">L&rsquo;importance de Casa Decor dans le paysage espagnol de la d\u00e9coration d&rsquo;int\u00e9rieur<\/h3>\n\n<p class=\"wp-block-paragraph\">Pour les designers, les marques et les artisans, \u00eatre \u00e0 Casa Decor est synonyme de visibilit\u00e9, de prestige et de connexion avec un public passionn\u00e9 par la d\u00e9coration d&rsquo;int\u00e9rieur. Chaque coin de rue parle d&rsquo;innovation, de style de vie et de nouvelles fa\u00e7ons d&rsquo;habiter les espaces. <\/p>\n\n<h2 class=\"wp-block-heading\">Tendances et styles \u00e0 l&rsquo;honneur \u00e0 Casa Decor 2025<\/h2>\n\n<p class=\"wp-block-paragraph\">Dans cette \u00e9dition, les styles ne se limitent pas \u00e0 une tendance sp\u00e9cifique. Ce qui triomphe vraiment, c&rsquo;est la fusion, le jeu des contrastes et la recherche d&rsquo;espaces \u00e9motionnellement connect\u00e9s. <\/p>\n\n<h3 class=\"wp-block-heading\">Couleurs et palettes de couleurs en plein essor<\/h3>\n\n<p class=\"wp-block-paragraph\">Les tons de terre, les verts discrets et les neutres sophistiqu\u00e9s sont en vogue. Des touches intenses de couleur apparaissent \u00e9galement dans des d\u00e9tails tels que les textiles et les \u00e9l\u00e9ments d\u00e9coratifs. L&rsquo;harmonie chromatique donne l&rsquo;impression d&rsquo;\u00eatre r\u00e9fl\u00e9chie, sereine et enveloppante.  <\/p>\n\n<h3 class=\"wp-block-heading\">Influence des mouvements artistiques sur la d\u00e9coration d&rsquo;int\u00e9rieur<\/h3>\n\n<p class=\"wp-block-paragraph\">L&rsquo;art reste une source d&rsquo;inspiration essentielle pour Casa Decor. Du brutalisme r\u00e9interpr\u00e9t\u00e9 dans une optique contemporaine aux r\u00e9f\u00e9rences au modernisme catalan ou au Bauhaus, le design s&rsquo;inspire de l&rsquo;art pour offrir des espaces avec une \u00e2me. Le design s&rsquo;inspire de l&rsquo;art pour offrir des espaces avec une \u00e2me.  <\/p>\n\n<h3 class=\"wp-block-heading\">Fusion de styles : classique et contemporain<\/h3>\n\n<p class=\"wp-block-paragraph\">Dans de nombreux espaces, des moulures anciennes sont m\u00e9lang\u00e9es \u00e0 des pi\u00e8ces minimalistes, ou des meubles modernes \u00e0 des sols carrel\u00e9s d&rsquo;origine. Cette combinaison donne une impression d&rsquo;\u00e9quilibre entre le pass\u00e9 et l&rsquo;avenir. <\/p>\n\n<h2 class=\"wp-block-heading\">Pr\u00e9sentation d&rsquo;innovations technologiques et de mat\u00e9riaux de pointe<\/h2>\n\n<p class=\"wp-block-paragraph\">La technologie appliqu\u00e9e au design est plus pr\u00e9sente que jamais.<\/p>\n\n<ul class=\"wp-block-list\">\n<li><strong>Int\u00e9gration de la domotique et des maisons intelligentes<\/strong>: des syst\u00e8mes d&rsquo;\u00e9clairage, de climatisation et de sonorisation contr\u00f4lables depuis un t\u00e9l\u00e9phone portable ou m\u00eame par la voix ont \u00e9t\u00e9 install\u00e9s dans plusieurs espaces. Tout est con\u00e7u pour faciliter la vie sans sacrifier le style. <\/li>\n\n\n\n<li><strong>Mat\u00e9riaux durables et \u00e9cologiques dans la d\u00e9coration d&rsquo;int\u00e9rieur<\/strong>: peintures non toxiques, bois certifi\u00e9s, tissus recycl\u00e9s et rev\u00eatements fabriqu\u00e9s \u00e0 partir de d\u00e9chets organiques. Le design est de plus en plus conscient de son impact sur l&rsquo;environnement. <\/li>\n\n\n\n<li><strong>Utilisation de la r\u00e9alit\u00e9 augment\u00e9e et virtuelle dans la pr\u00e9sentation des espaces<\/strong>: certains projets int\u00e8grent des outils num\u00e9riques pour montrer aux visiteurs \u00e0 quoi ressemblerait l&rsquo;espace avec d&rsquo;autres am\u00e9nagements, finitions ou configurations. L&rsquo;avenir du design est \u00e9galement num\u00e9rique. <\/li>\n<\/ul>\n\n<h2 class=\"wp-block-heading\">L&rsquo;engagement de Casa Decor en faveur du d\u00e9veloppement durable 2025<\/h2>\n\n<p class=\"wp-block-paragraph\">La durabilit\u00e9 n&rsquo;est plus une option, c&rsquo;est une n\u00e9cessit\u00e9. Et \u00e0 Casa Decor 2025, elle est pr\u00e9sente dans chaque d\u00e9tail. <\/p>\n\n<ul class=\"wp-block-list\">\n<li><strong>Pratiques \u00e9cologiques dans la cr\u00e9ation d&rsquo;espaces<\/strong>: de l&rsquo;utilisation de peintures \u00e0 base d&rsquo;eau \u00e0 l&rsquo;optimisation des ressources \u00e9nerg\u00e9tiques, de nombreux participants ont con\u00e7u leurs projets en faisant de la durabilit\u00e9 une priorit\u00e9.<\/li>\n\n\n\n<li><strong>Recyclage et r\u00e9utilisation des mat\u00e9riaux dans la conception<\/strong>: certains espaces ont r\u00e9utilis\u00e9 de vieux meubles, restaur\u00e9 des pi\u00e8ces ou incorpor\u00e9 des mat\u00e9riaux recycl\u00e9s, d\u00e9montrant ainsi qu&rsquo;une conception responsable peut \u00e9galement \u00eatre attrayante et contemporaine.<\/li>\n\n\n\n<li><strong>Certifications et prix pour les projets durables<\/strong>: Casa Decor d\u00e9cerne chaque ann\u00e9e une distinction \u00e0 l&rsquo;espace le plus durable, reconnaissant ainsi le travail de ceux qui s&rsquo;engagent pour une d\u00e9coration d&rsquo;int\u00e9rieur respectueuse de l&rsquo;environnement.<\/li>\n<\/ul>\n\n<figure class=\"wp-block-gallery has-nested-images columns-default is-cropped wp-block-gallery-2 is-layout-flex wp-block-gallery-is-layout-flex\">\n<figure class=\"wp-block-image size-large\"><a href=\"https:\/\/sc-herrajes.com\/wp-content\/uploads\/2025\/05\/caa-decor-1.jpg\"><img loading=\"lazy\" decoding=\"async\" width=\"683\" height=\"1024\" data-id=\"26006624\" src=\"https:\/\/sc-herrajes.com\/wp-content\/uploads\/2025\/05\/caa-decor-1-683x1024.jpg\" alt=\"\" class=\"wp-image-26006624\"\/><\/a><\/figure>\n\n\n\n<figure class=\"wp-block-image size-large\"><a href=\"https:\/\/sc-herrajes.com\/wp-content\/uploads\/2025\/05\/casa-deocr-2.jpg\"><img loading=\"lazy\" decoding=\"async\" width=\"683\" height=\"1024\" data-id=\"26006627\" src=\"https:\/\/sc-herrajes.com\/wp-content\/uploads\/2025\/05\/casa-deocr-2-683x1024.jpg\" alt=\"\" class=\"wp-image-26006627\"\/><\/a><\/figure>\n\n\n\n<figure class=\"wp-block-image size-large\"><a href=\"https:\/\/sc-herrajes.com\/wp-content\/uploads\/2025\/05\/casa-deocr-5-scaled.jpg\"><img loading=\"lazy\" decoding=\"async\" width=\"683\" height=\"1024\" data-id=\"26006621\" src=\"https:\/\/sc-herrajes.com\/wp-content\/uploads\/2025\/05\/casa-deocr-5-683x1024.jpg\" alt=\"\" class=\"wp-image-26006621\"\/><\/a><\/figure>\n<\/figure>\n\n<h2 class=\"wp-block-heading\">SC Herrajes \u00e0 Casa Decor 2025 : \u00e9l\u00e9gance, fonctionnalit\u00e9 et d\u00e9tails techniques<\/h2>\n\n<p class=\"wp-block-paragraph\">Comme il ne pouvait en \u00eatre autrement, dans cet \u00e9v\u00e9nement de Casa Decor 2025 <a href=\"https:\/\/sc-herrajes.com\/fr\/\">SC Herrajes<\/a>, sp\u00e9cialis\u00e9e dans les solutions pour les <a href=\"https:\/\/sc-herrajes.com\/fr\/categoria-producto\/poignee\/poignee-poignee\/\">poign\u00e9es<\/a>, les <a href=\"https:\/\/sc-herrajes.com\/fr\/categoria-producto\/quincaillerie-pour-vitrine-verre\/\">raccords en verre<\/a>, l&rsquo;<a href=\"https:\/\/sc-herrajes.com\/fr\/categoria-producto\/led\/\">\u00e9clairage<\/a> et d&rsquo;<a href=\"https:\/\/sc-herrajes.com\/fr\/categoria-producto\/autres-elements\/\"> autres accessoires<\/a> pour le design, nous ne voulions pas manquer l&rsquo;occasion de collaborer.<\/p>\n\n<h3 class=\"wp-block-heading\">La technologie et le design au service de la d\u00e9coration d&rsquo;int\u00e9rieur<\/h3>\n\n<p class=\"wp-block-paragraph\">En 2025, nous avons choisi de cr\u00e9er des espaces \u00e9labor\u00e9s avec les cr\u00e9ations de SC Herrajes, une visite \u00e0 ne pas manquer lors de votre visite de la Casa Decor de cette ann\u00e9e.  <\/p>\n\n<p class=\"wp-block-paragraph\">N&rsquo;attendez pas pour nous rendre visite dans nos espaces :  <\/p>\n\n<ul class=\"wp-block-list\">\n<li>L&rsquo;entr\u00e9e \u00ab\u00a0Lobby to the sky\u00a0\u00bb par Aritco, con\u00e7u par Arquitalia par Borja Esteras (Espace 1).<\/li>\n\n\n\n<li>Espace Gresmanc con\u00e7u par le studio Fran Cisneros (Espacio 9).  <\/li>\n\n\n\n<li>Espace Cosentino con\u00e7u par le studio caramba de Tom\u00e1s Al\u00eda (Espacio 40).<\/li>\n\n\n\n<li>Espace Technogym con\u00e7u par le studio de Manuel Espejo (Espacio 53).  <\/li>\n<\/ul>\n\n<p class=\"wp-block-paragraph\">Tous ces espaces sont sans aucun doute le reflet de tout ce que nous avons chez SC Herrajes, des espaces qui vous invitent \u00e0 profiter et \u00e0 r\u00e9fl\u00e9chir \u00e0 l&rsquo;importance de l&rsquo;\u00e9clairage dans la d\u00e9coration et dans la vie de tous les jours.  <\/p>\n\n<p class=\"wp-block-paragraph\">Si vous nous avez vus \u00e0 la Casa Decor 2025 et que vous souhaitez recr\u00e9er une partie de la magie observ\u00e9e par les collaborateurs de SC Herrajes lors de cet \u00e9v\u00e9nement, vous disposez de mod\u00e8les tels que le <a href=\"https:\/\/sc-herrajes.com\/fr\/producto\/spot-moon\/\">Moon Spotlight<\/a>, le <a href=\"https:\/\/sc-herrajes.com\/fr\/producto\/spot-lena\/\">Lena Spotlight<\/a> ou le<a href=\"https:\/\/sc-herrajes.com\/fr\/producto\/l218-dual\/\"> mod\u00e8le L218 Dual<\/a>, ainsi que des <a href=\"https:\/\/sc-herrajes.com\/fr\/producto\/capteur-sans-fil-l139-10d\/\">capteurs sans fil<\/a> les plus modernes du march\u00e9.  <\/p>\n\n<h3 class=\"wp-block-heading\">Un engagement en faveur de la durabilit\u00e9 et du d\u00e9veloppement durable<\/h3>\n\n<p class=\"wp-block-paragraph\">Tous nos produits sont fabriqu\u00e9s \u00e0 partir de mat\u00e9riaux r\u00e9sistants et recyclables, con\u00e7us pour durer. Cette approche est conforme aux valeurs de durabilit\u00e9 qui d\u00e9finissent cette \u00e9dition de Casa Decor. <\/p>\n\n<h2 class=\"wp-block-heading\">Casa Decor 2025 : un rendez-vous avec l&rsquo;\u00e9volution de la d\u00e9coration int\u00e9rieure<\/h2>\n\n<p class=\"wp-block-paragraph\">Cette \u00e9dition de Casa Decor 2025 ne se contente pas de pr\u00e9senter les derni\u00e8res tendances, mais refl\u00e8te une profonde transformation dans la mani\u00e8re dont nous concevons les espaces. Le design devient plus humain, plus responsable et plus proche de nos \u00e9motions et de nos besoins r\u00e9els. <\/p>\n\n<p class=\"wp-block-paragraph\">Les mat\u00e9riaux \u00e9voluent, la technologie s&rsquo;int\u00e8gre sans s&rsquo;imposer et les espaces racontent des histoires. Et dans cette histoire collective, des entreprises comme SC Herrajes et des designers \u00e9tablis ou \u00e9mergents ont un r\u00f4le cl\u00e9 \u00e0 jouer. Car le design du futur n&rsquo;est pas seulement une question d&rsquo;esth\u00e9tique, mais aussi d&rsquo;exp\u00e9rience, de confort et de coh\u00e9rence avec le monde dans lequel nous voulons vivre.  <\/p>\n\n<p class=\"wp-block-paragraph\">.<\/p>\n<div class=\"woocommerce columns-4 \"><ul class=\"products columns-4\">\n<li class=\"rtwpvg-product product type-product post-26010900 status-publish first instock product_cat-createurs product_cat-led product_cat-scherrajes product_cat-smart-connector has-post-thumbnail shipping-taxable purchasable product-type-variable\">\n\t<a href=\"https:\/\/sc-herrajes.com\/fr\/producto\/luminaire-lider\/\" class=\"woocommerce-LoopProduct-link woocommerce-loop-product__link\"><span class=\"et_shop_image\"><img loading=\"lazy\" decoding=\"async\" width=\"1169\" height=\"1169\" src=\"https:\/\/sc-herrajes.com\/wp-content\/uploads\/2024\/12\/L218_DUAL_GRIS_AMBIENTE_ON.jpg\" class=\"attachment-full size-full\" alt=\"Luminaire L\u00edder\" srcset=\"https:\/\/sc-herrajes.com\/wp-content\/uploads\/2024\/12\/L218_DUAL_GRIS_AMBIENTE_ON.jpg 1169w, https:\/\/sc-herrajes.com\/wp-content\/uploads\/2024\/12\/L218_DUAL_GRIS_AMBIENTE_ON-980x980.jpg 980w, https:\/\/sc-herrajes.com\/wp-content\/uploads\/2024\/12\/L218_DUAL_GRIS_AMBIENTE_ON-480x480.jpg 480w\" sizes=\"(min-width: 0px) and (max-width: 480px) 480px, (min-width: 481px) and (max-width: 980px) 980px, (min-width: 981px) 1169px, 100vw\" \/><span class=\"et_overlay\"><\/span><\/span><h2 class=\"woocommerce-loop-product__title\">Luminaire L\u00edder<\/h2><p class='referencia-producto'>REF: L218 \/ L218R \/ L218CR<\/p><div class=\"fila-acabados-boton\"><div class=\"material-acabados\"><div class=\"productoLed_iconos\"><div class=\"selector-container acabados-container\"><div class=\"atributoAcabado atributosProducto\" \n                                    onclick=\"cambiaVariacion('gris')\">\n                                    <div class=\"variation-image material-acabados\">\n                                        <img decoding=\"async\" src=\"https:\/\/sc-herrajes.com\/wp-content\/uploads\/2024\/12\/ACABADO_GRIS_WEB-1.jpg\" alt=\"gris\">\n                                    <\/div>\n                                  <\/div><\/div>\n                  <div class=\"selector-container calidezLuz-container\"><div class=\"atributoAcabado atributosProducto atributoColorK\"\n                                      onclick=\"cambiaVariacion('3-000-k')\">\n                                      <div class=\"variation-image material-acabados material-color-k\">\n                                          <img decoding=\"async\" src=\"https:\/\/sc-herrajes.com\/wp-content\/uploads\/2024\/10\/COLOR-K_3.000.jpg\" alt=\"3-000-k\">\n                                      <\/div>\n                                    <\/div><div class=\"atributoAcabado atributosProducto atributoColorK\"\n                                      onclick=\"cambiaVariacion('4-000-k')\">\n                                      <div class=\"variation-image material-acabados material-color-k\">\n                                          <img decoding=\"async\" src=\"https:\/\/sc-herrajes.com\/wp-content\/uploads\/2024\/10\/COLOR-K_4.000.jpg\" alt=\"4-000-k\">\n                                      <\/div>\n                                    <\/div><div class=\"atributoAcabado atributosProducto atributoColorK\"\n                                      onclick=\"cambiaVariacion('6-500-k')\">\n                                      <div class=\"variation-image material-acabados material-color-k\">\n                                          <img decoding=\"async\" src=\"https:\/\/sc-herrajes.com\/wp-content\/uploads\/2024\/10\/COLOR-K_6.500.jpg\" alt=\"6-500-k\">\n                                      <\/div>\n                                    <\/div><\/div><\/div><\/div><\/div><\/a><\/li>\n<li class=\"rtwpvg-product product type-product post-26010556 status-publish instock product_cat-createurs product_cat-led product_cat-led-dual product_cat-scherrajes product_cat-spot-led has-post-thumbnail shipping-taxable purchasable product-type-variable\">\n\t<a href=\"https:\/\/sc-herrajes.com\/fr\/producto\/spot-lena\/\" class=\"woocommerce-LoopProduct-link woocommerce-loop-product__link\"><span class=\"et_shop_image\"><img loading=\"lazy\" decoding=\"async\" width=\"1080\" height=\"1169\" src=\"https:\/\/sc-herrajes.com\/wp-content\/uploads\/2024\/12\/L16062-AMBIENTE.jpg\" class=\"attachment-full size-full\" alt=\"Spot Lena\" srcset=\"https:\/\/sc-herrajes.com\/wp-content\/uploads\/2024\/12\/L16062-AMBIENTE.jpg 1080w, https:\/\/sc-herrajes.com\/wp-content\/uploads\/2024\/12\/L16062-AMBIENTE-980x1061.jpg 980w, https:\/\/sc-herrajes.com\/wp-content\/uploads\/2024\/12\/L16062-AMBIENTE-480x520.jpg 480w\" sizes=\"(min-width: 0px) and (max-width: 480px) 480px, (min-width: 481px) and (max-width: 980px) 980px, (min-width: 981px) 1080px, 100vw\" \/><span class=\"et_overlay\"><\/span><\/span><h2 class=\"woocommerce-loop-product__title\">Spot Lena<\/h2><p class='referencia-producto'>REF: L161.62<\/p><div class=\"fila-acabados-boton\"><div class=\"material-acabados\"><div class=\"productoLed_iconos\"><div class=\"selector-container acabados-container\"><div class=\"atributoAcabado atributosProducto\" \n                                    onclick=\"cambiaVariacion('negro')\">\n                                    <div class=\"variation-image material-acabados\">\n                                        <img decoding=\"async\" src=\"https:\/\/sc-herrajes.com\/wp-content\/uploads\/2024\/10\/08-lacado-negro.jpg\" alt=\"negro\">\n                                    <\/div>\n                                  <\/div><div class=\"atributoAcabado atributosProducto\" \n                                    onclick=\"cambiaVariacion('plata')\">\n                                    <div class=\"variation-image material-acabados\">\n                                        <img decoding=\"async\" src=\"https:\/\/sc-herrajes.com\/wp-content\/uploads\/2024\/12\/ACABADO_PLATA_WEB-1.jpg\" alt=\"plata\">\n                                    <\/div>\n                                  <\/div><\/div>\n                  <div class=\"selector-container calidezLuz-container\"><div class=\"atributoAcabado atributosProducto atributoColorK\"\n                                      onclick=\"cambiaVariacion('4-000-k')\">\n                                      <div class=\"variation-image material-acabados material-color-k\">\n                                          <img decoding=\"async\" src=\"https:\/\/sc-herrajes.com\/wp-content\/uploads\/2024\/10\/COLOR-K_4.000.jpg\" alt=\"4-000-k\">\n                                      <\/div>\n                                    <\/div><div class=\"atributoCalidez atributosProducto dual\"\n                                          onclick=\"cambiaVariacion('pa_color-k','dual-2-900-6-500')\">\n                                          <div class=\"variation-image\">\n                                              <img decoding=\"async\" src=\"https:\/\/sc-herrajes.com\/wp-content\/uploads\/2024\/10\/COLOR-K_DUAL-2.700_4.500.jpg\" alt=\"dual-2-900-6-500\">\n                                          <\/div>\n                                        <\/div><\/div><\/div><\/div><\/div><\/a><\/li>\n<li class=\"rtwpvg-product product type-product post-26010544 status-publish instock product_cat-createurs product_cat-led product_cat-scherrajes product_cat-spot-led has-post-thumbnail shipping-taxable purchasable product-type-variable\">\n\t<a href=\"https:\/\/sc-herrajes.com\/fr\/producto\/spot-moon\/\" class=\"woocommerce-LoopProduct-link woocommerce-loop-product__link\"><span class=\"et_shop_image\"><img loading=\"lazy\" decoding=\"async\" width=\"1080\" height=\"1169\" src=\"https:\/\/sc-herrajes.com\/wp-content\/uploads\/2024\/12\/L161-28_luz.jpg\" class=\"attachment-full size-full\" alt=\"Spot Moon\" srcset=\"https:\/\/sc-herrajes.com\/wp-content\/uploads\/2024\/12\/L161-28_luz.jpg 1080w, https:\/\/sc-herrajes.com\/wp-content\/uploads\/2024\/12\/L161-28_luz-980x1061.jpg 980w, https:\/\/sc-herrajes.com\/wp-content\/uploads\/2024\/12\/L161-28_luz-480x520.jpg 480w\" sizes=\"(min-width: 0px) and (max-width: 480px) 480px, (min-width: 481px) and (max-width: 980px) 980px, (min-width: 981px) 1080px, 100vw\" \/><span class=\"et_overlay\"><\/span><\/span><h2 class=\"woocommerce-loop-product__title\">Spot Moon<\/h2><p class='referencia-producto'>REF: L161.28<\/p><div class=\"fila-acabados-boton\"><div class=\"material-acabados\"><div class=\"productoLed_iconos\"><div class=\"selector-container acabados-container\"><div class=\"atributoAcabado atributosProducto\" \n                                    onclick=\"cambiaVariacion('negro')\">\n                                    <div class=\"variation-image material-acabados\">\n                                        <img decoding=\"async\" src=\"https:\/\/sc-herrajes.com\/wp-content\/uploads\/2024\/10\/08-lacado-negro.jpg\" alt=\"negro\">\n                                    <\/div>\n                                  <\/div><div class=\"atributoAcabado atributosProducto\" \n                                    onclick=\"cambiaVariacion('plata')\">\n                                    <div class=\"variation-image material-acabados\">\n                                        <img decoding=\"async\" src=\"https:\/\/sc-herrajes.com\/wp-content\/uploads\/2024\/12\/ACABADO_PLATA_WEB-1.jpg\" alt=\"plata\">\n                                    <\/div>\n                                  <\/div><\/div>\n                  <div class=\"selector-container calidezLuz-container\"><div class=\"atributoAcabado atributosProducto atributoColorK\"\n                                      onclick=\"cambiaVariacion('3-000-k')\">\n                                      <div class=\"variation-image material-acabados material-color-k\">\n                                          <img decoding=\"async\" src=\"https:\/\/sc-herrajes.com\/wp-content\/uploads\/2024\/10\/COLOR-K_3.000.jpg\" alt=\"3-000-k\">\n                                      <\/div>\n                                    <\/div><div class=\"atributoAcabado atributosProducto atributoColorK\"\n                                      onclick=\"cambiaVariacion('4-000-k')\">\n                                      <div class=\"variation-image material-acabados material-color-k\">\n                                          <img decoding=\"async\" src=\"https:\/\/sc-herrajes.com\/wp-content\/uploads\/2024\/10\/COLOR-K_4.000.jpg\" alt=\"4-000-k\">\n                                      <\/div>\n                                    <\/div><\/div><\/div><\/div><\/div><\/a><\/li>\n<li class=\"product type-product post-26010488 status-publish last instock product_cat-led product_cat-projets product_cat-transformateurs product_cat-une-maison-sur-roues has-post-thumbnail shipping-taxable product-type-simple\">\n\t<a href=\"https:\/\/sc-herrajes.com\/fr\/producto\/transformateur-thinner\/\" class=\"woocommerce-LoopProduct-link woocommerce-loop-product__link\"><span class=\"et_shop_image\"><img loading=\"lazy\" decoding=\"async\" width=\"1169\" height=\"1169\" src=\"https:\/\/sc-herrajes.com\/wp-content\/uploads\/2024\/12\/L139.15_CICLO.jpg\" class=\"attachment-full size-full\" alt=\"Transformateur Thinner\" srcset=\"https:\/\/sc-herrajes.com\/wp-content\/uploads\/2024\/12\/L139.15_CICLO.jpg 1169w, https:\/\/sc-herrajes.com\/wp-content\/uploads\/2024\/12\/L139.15_CICLO-980x980.jpg 980w, https:\/\/sc-herrajes.com\/wp-content\/uploads\/2024\/12\/L139.15_CICLO-480x480.jpg 480w\" sizes=\"(min-width: 0px) and (max-width: 480px) 480px, (min-width: 481px) and (max-width: 980px) 980px, (min-width: 981px) 1169px, 100vw\" \/><span class=\"et_overlay\"><\/span><\/span><h2 class=\"woocommerce-loop-product__title\">Transformateur Thinner<\/h2><p class='referencia-producto'>REF: L139<\/p><\/a><\/li>\n<\/ul>\n<\/div>\n","protected":false},"excerpt":{"rendered":"<p>Chaque ann\u00e9e, Madrid devient l&rsquo;\u00e9picentre de la d\u00e9coration d&rsquo;int\u00e9rieur, et Casa Decor 2025 ne fait pas exception. Cette \u00e9dition promet de surprendre avec des espaces innovants, des solutions durables et des propositions qui d\u00e9finissent les normes de la d\u00e9coration d&rsquo;int\u00e9rieur d&rsquo;aujourd&rsquo;hui. Plus qu&rsquo;une exposition, il s&rsquo;agit d&rsquo;une exp\u00e9rience qui r\u00e9unit les meilleurs professionnels du secteur [&hellip;]<\/p>\n","protected":false},"author":802,"featured_media":26013109,"comment_status":"closed","ping_status":"closed","sticky":false,"template":"","format":"standard","meta":{"_acf_changed":false,"_et_pb_use_builder":"off","_et_pb_old_content":"","_et_gb_content_width":"","footnotes":""},"categories":[1648],"tags":[],"dipi_cpt_category":[],"class_list":["post-26013103","post","type-post","status-publish","format-standard","has-post-thumbnail","hentry","category-evenements-et-salons"],"acf":[],"yoast_head":"<!-- This site is optimized with the Yoast SEO plugin v28.3 - https:\/\/yoast.com\/product\/yoast-seo-wordpress\/ -->\n<title>Casa Decor 2025 : les propositions les plus marquantes de l&#039;\u00e9dition de cette ann\u00e9e<\/title>\n<meta name=\"description\" content=\"Tout ce que vous devez savoir sur Casa Decor 2025 : les espaces pr\u00e9sent\u00e9s, les designers participants, les mat\u00e9riaux durables et les tendances.\" \/>\n<meta name=\"robots\" content=\"index, follow, max-snippet:-1, max-image-preview:large, max-video-preview:-1\" \/>\n<link rel=\"canonical\" href=\"https:\/\/sc-herrajes.com\/fr\/blog\/casa-decor-2025-un-evenement-incontournable\/\" \/>\n<meta property=\"og:locale\" content=\"fr_FR\" \/>\n<meta property=\"og:type\" content=\"article\" \/>\n<meta property=\"og:title\" content=\"Casa Decor 2025 : les propositions les plus marquantes de l&#039;\u00e9dition de cette ann\u00e9e\" \/>\n<meta property=\"og:description\" content=\"Tout ce que vous devez savoir sur Casa Decor 2025 : les espaces pr\u00e9sent\u00e9s, les designers participants, les mat\u00e9riaux durables et les tendances.\" \/>\n<meta property=\"og:url\" content=\"https:\/\/sc-herrajes.com\/fr\/blog\/casa-decor-2025-un-evenement-incontournable\/\" \/>\n<meta property=\"og:site_name\" content=\"SC Herrajes\" \/>\n<meta property=\"article:published_time\" content=\"2025-05-15T09:53:06+00:00\" \/>\n<meta property=\"article:modified_time\" content=\"2025-10-30T07:35:56+00:00\" \/>\n<meta property=\"og:image\" content=\"https:\/\/sc-herrajes.com\/wp-content\/uploads\/2025\/05\/Arquitalia_Casa-Decor-24-1-1-scaled.jpg\" \/>\n\t<meta property=\"og:image:width\" content=\"1707\" \/>\n\t<meta property=\"og:image:height\" content=\"2560\" \/>\n\t<meta property=\"og:image:type\" content=\"image\/jpeg\" \/>\n<meta name=\"author\" content=\"Ana SC\" \/>\n<meta name=\"twitter:card\" content=\"summary_large_image\" \/>\n<meta name=\"twitter:label1\" content=\"\u00c9crit par\" \/>\n\t<meta name=\"twitter:data1\" content=\"Ana SC\" \/>\n\t<meta name=\"twitter:label2\" content=\"Dur\u00e9e de lecture estim\u00e9e\" \/>\n\t<meta name=\"twitter:data2\" content=\"6 minutes\" \/>\n<script type=\"application\/ld+json\" class=\"yoast-schema-graph\">{\"@context\":\"https:\\\/\\\/schema.org\",\"@graph\":[{\"@type\":\"Article\",\"@id\":\"https:\\\/\\\/sc-herrajes.com\\\/fr\\\/blog\\\/casa-decor-2025-un-evenement-incontournable\\\/#article\",\"isPartOf\":{\"@id\":\"https:\\\/\\\/sc-herrajes.com\\\/fr\\\/blog\\\/casa-decor-2025-un-evenement-incontournable\\\/\"},\"author\":{\"name\":\"Ana SC\",\"@id\":\"https:\\\/\\\/sc-herrajes.com\\\/fr\\\/#\\\/schema\\\/person\\\/94ecde36d79475cf4823831c7f93d38d\"},\"headline\":\"Casa Decor 2025 : un \u00e9v\u00e9nement incontournable\",\"datePublished\":\"2025-05-15T09:53:06+00:00\",\"dateModified\":\"2025-10-30T07:35:56+00:00\",\"mainEntityOfPage\":{\"@id\":\"https:\\\/\\\/sc-herrajes.com\\\/fr\\\/blog\\\/casa-decor-2025-un-evenement-incontournable\\\/\"},\"wordCount\":1308,\"image\":{\"@id\":\"https:\\\/\\\/sc-herrajes.com\\\/fr\\\/blog\\\/casa-decor-2025-un-evenement-incontournable\\\/#primaryimage\"},\"thumbnailUrl\":\"https:\\\/\\\/sc-herrajes.com\\\/wp-content\\\/uploads\\\/2025\\\/05\\\/Arquitalia_Casa-Decor-24-1-1-scaled.jpg\",\"articleSection\":[\"\u00c9v\u00e9nements et salons\"],\"inLanguage\":\"fr-FR\"},{\"@type\":\"WebPage\",\"@id\":\"https:\\\/\\\/sc-herrajes.com\\\/fr\\\/blog\\\/casa-decor-2025-un-evenement-incontournable\\\/\",\"url\":\"https:\\\/\\\/sc-herrajes.com\\\/fr\\\/blog\\\/casa-decor-2025-un-evenement-incontournable\\\/\",\"name\":\"Casa Decor 2025 : les propositions les plus marquantes de l'\u00e9dition de cette ann\u00e9e\",\"isPartOf\":{\"@id\":\"https:\\\/\\\/sc-herrajes.com\\\/fr\\\/#website\"},\"primaryImageOfPage\":{\"@id\":\"https:\\\/\\\/sc-herrajes.com\\\/fr\\\/blog\\\/casa-decor-2025-un-evenement-incontournable\\\/#primaryimage\"},\"image\":{\"@id\":\"https:\\\/\\\/sc-herrajes.com\\\/fr\\\/blog\\\/casa-decor-2025-un-evenement-incontournable\\\/#primaryimage\"},\"thumbnailUrl\":\"https:\\\/\\\/sc-herrajes.com\\\/wp-content\\\/uploads\\\/2025\\\/05\\\/Arquitalia_Casa-Decor-24-1-1-scaled.jpg\",\"datePublished\":\"2025-05-15T09:53:06+00:00\",\"dateModified\":\"2025-10-30T07:35:56+00:00\",\"author\":{\"@id\":\"https:\\\/\\\/sc-herrajes.com\\\/fr\\\/#\\\/schema\\\/person\\\/94ecde36d79475cf4823831c7f93d38d\"},\"description\":\"Tout ce que vous devez savoir sur Casa Decor 2025 : les espaces pr\u00e9sent\u00e9s, les designers participants, les mat\u00e9riaux durables et les tendances.\",\"breadcrumb\":{\"@id\":\"https:\\\/\\\/sc-herrajes.com\\\/fr\\\/blog\\\/casa-decor-2025-un-evenement-incontournable\\\/#breadcrumb\"},\"inLanguage\":\"fr-FR\",\"potentialAction\":[{\"@type\":\"ReadAction\",\"target\":[\"https:\\\/\\\/sc-herrajes.com\\\/fr\\\/blog\\\/casa-decor-2025-un-evenement-incontournable\\\/\"]}]},{\"@type\":\"ImageObject\",\"inLanguage\":\"fr-FR\",\"@id\":\"https:\\\/\\\/sc-herrajes.com\\\/fr\\\/blog\\\/casa-decor-2025-un-evenement-incontournable\\\/#primaryimage\",\"url\":\"https:\\\/\\\/sc-herrajes.com\\\/wp-content\\\/uploads\\\/2025\\\/05\\\/Arquitalia_Casa-Decor-24-1-1-scaled.jpg\",\"contentUrl\":\"https:\\\/\\\/sc-herrajes.com\\\/wp-content\\\/uploads\\\/2025\\\/05\\\/Arquitalia_Casa-Decor-24-1-1-scaled.jpg\",\"width\":1707,\"height\":2560},{\"@type\":\"BreadcrumbList\",\"@id\":\"https:\\\/\\\/sc-herrajes.com\\\/fr\\\/blog\\\/casa-decor-2025-un-evenement-incontournable\\\/#breadcrumb\",\"itemListElement\":[{\"@type\":\"ListItem\",\"position\":1,\"name\":\"INICIO\",\"item\":\"https:\\\/\\\/sc-herrajes.com\\\/fr\\\/\"},{\"@type\":\"ListItem\",\"position\":2,\"name\":\"Casa Decor 2025 : un \u00e9v\u00e9nement incontournable\"}]},{\"@type\":\"WebSite\",\"@id\":\"https:\\\/\\\/sc-herrajes.com\\\/fr\\\/#website\",\"url\":\"https:\\\/\\\/sc-herrajes.com\\\/fr\\\/\",\"name\":\"SC Herrajes\",\"description\":\"\",\"potentialAction\":[{\"@type\":\"SearchAction\",\"target\":{\"@type\":\"EntryPoint\",\"urlTemplate\":\"https:\\\/\\\/sc-herrajes.com\\\/fr\\\/?s={search_term_string}\"},\"query-input\":{\"@type\":\"PropertyValueSpecification\",\"valueRequired\":true,\"valueName\":\"search_term_string\"}}],\"inLanguage\":\"fr-FR\"},{\"@type\":\"Person\",\"@id\":\"https:\\\/\\\/sc-herrajes.com\\\/fr\\\/#\\\/schema\\\/person\\\/94ecde36d79475cf4823831c7f93d38d\",\"name\":\"Ana SC\",\"image\":{\"@type\":\"ImageObject\",\"inLanguage\":\"fr-FR\",\"@id\":\"https:\\\/\\\/secure.gravatar.com\\\/avatar\\\/49924987cdee40c45c9d508d1c62e0676c419c8f8817b6071474b0a5abe0cabb?s=96&d=mm&r=g\",\"url\":\"https:\\\/\\\/secure.gravatar.com\\\/avatar\\\/49924987cdee40c45c9d508d1c62e0676c419c8f8817b6071474b0a5abe0cabb?s=96&d=mm&r=g\",\"contentUrl\":\"https:\\\/\\\/secure.gravatar.com\\\/avatar\\\/49924987cdee40c45c9d508d1c62e0676c419c8f8817b6071474b0a5abe0cabb?s=96&d=mm&r=g\",\"caption\":\"Ana SC\"}}]}<\/script>\n<!-- \/ Yoast SEO plugin. -->","yoast_head_json":{"title":"Casa Decor 2025 : les propositions les plus marquantes de l'\u00e9dition de cette ann\u00e9e","description":"Tout ce que vous devez savoir sur Casa Decor 2025 : les espaces pr\u00e9sent\u00e9s, les designers participants, les mat\u00e9riaux durables et les tendances.","robots":{"index":"index","follow":"follow","max-snippet":"max-snippet:-1","max-image-preview":"max-image-preview:large","max-video-preview":"max-video-preview:-1"},"canonical":"https:\/\/sc-herrajes.com\/fr\/blog\/casa-decor-2025-un-evenement-incontournable\/","og_locale":"fr_FR","og_type":"article","og_title":"Casa Decor 2025 : les propositions les plus marquantes de l'\u00e9dition de cette ann\u00e9e","og_description":"Tout ce que vous devez savoir sur Casa Decor 2025 : les espaces pr\u00e9sent\u00e9s, les designers participants, les mat\u00e9riaux durables et les tendances.","og_url":"https:\/\/sc-herrajes.com\/fr\/blog\/casa-decor-2025-un-evenement-incontournable\/","og_site_name":"SC Herrajes","article_published_time":"2025-05-15T09:53:06+00:00","article_modified_time":"2025-10-30T07:35:56+00:00","og_image":[{"width":1707,"height":2560,"url":"https:\/\/sc-herrajes.com\/wp-content\/uploads\/2025\/05\/Arquitalia_Casa-Decor-24-1-1-scaled.jpg","type":"image\/jpeg"}],"author":"Ana SC","twitter_card":"summary_large_image","twitter_misc":{"\u00c9crit par":"Ana SC","Dur\u00e9e de lecture estim\u00e9e":"6 minutes"},"schema":{"@context":"https:\/\/schema.org","@graph":[{"@type":"Article","@id":"https:\/\/sc-herrajes.com\/fr\/blog\/casa-decor-2025-un-evenement-incontournable\/#article","isPartOf":{"@id":"https:\/\/sc-herrajes.com\/fr\/blog\/casa-decor-2025-un-evenement-incontournable\/"},"author":{"name":"Ana SC","@id":"https:\/\/sc-herrajes.com\/fr\/#\/schema\/person\/94ecde36d79475cf4823831c7f93d38d"},"headline":"Casa Decor 2025 : un \u00e9v\u00e9nement incontournable","datePublished":"2025-05-15T09:53:06+00:00","dateModified":"2025-10-30T07:35:56+00:00","mainEntityOfPage":{"@id":"https:\/\/sc-herrajes.com\/fr\/blog\/casa-decor-2025-un-evenement-incontournable\/"},"wordCount":1308,"image":{"@id":"https:\/\/sc-herrajes.com\/fr\/blog\/casa-decor-2025-un-evenement-incontournable\/#primaryimage"},"thumbnailUrl":"https:\/\/sc-herrajes.com\/wp-content\/uploads\/2025\/05\/Arquitalia_Casa-Decor-24-1-1-scaled.jpg","articleSection":["\u00c9v\u00e9nements et salons"],"inLanguage":"fr-FR"},{"@type":"WebPage","@id":"https:\/\/sc-herrajes.com\/fr\/blog\/casa-decor-2025-un-evenement-incontournable\/","url":"https:\/\/sc-herrajes.com\/fr\/blog\/casa-decor-2025-un-evenement-incontournable\/","name":"Casa Decor 2025 : les propositions les plus marquantes de l'\u00e9dition de cette ann\u00e9e","isPartOf":{"@id":"https:\/\/sc-herrajes.com\/fr\/#website"},"primaryImageOfPage":{"@id":"https:\/\/sc-herrajes.com\/fr\/blog\/casa-decor-2025-un-evenement-incontournable\/#primaryimage"},"image":{"@id":"https:\/\/sc-herrajes.com\/fr\/blog\/casa-decor-2025-un-evenement-incontournable\/#primaryimage"},"thumbnailUrl":"https:\/\/sc-herrajes.com\/wp-content\/uploads\/2025\/05\/Arquitalia_Casa-Decor-24-1-1-scaled.jpg","datePublished":"2025-05-15T09:53:06+00:00","dateModified":"2025-10-30T07:35:56+00:00","author":{"@id":"https:\/\/sc-herrajes.com\/fr\/#\/schema\/person\/94ecde36d79475cf4823831c7f93d38d"},"description":"Tout ce que vous devez savoir sur Casa Decor 2025 : les espaces pr\u00e9sent\u00e9s, les designers participants, les mat\u00e9riaux durables et les tendances.","breadcrumb":{"@id":"https:\/\/sc-herrajes.com\/fr\/blog\/casa-decor-2025-un-evenement-incontournable\/#breadcrumb"},"inLanguage":"fr-FR","potentialAction":[{"@type":"ReadAction","target":["https:\/\/sc-herrajes.com\/fr\/blog\/casa-decor-2025-un-evenement-incontournable\/"]}]},{"@type":"ImageObject","inLanguage":"fr-FR","@id":"https:\/\/sc-herrajes.com\/fr\/blog\/casa-decor-2025-un-evenement-incontournable\/#primaryimage","url":"https:\/\/sc-herrajes.com\/wp-content\/uploads\/2025\/05\/Arquitalia_Casa-Decor-24-1-1-scaled.jpg","contentUrl":"https:\/\/sc-herrajes.com\/wp-content\/uploads\/2025\/05\/Arquitalia_Casa-Decor-24-1-1-scaled.jpg","width":1707,"height":2560},{"@type":"BreadcrumbList","@id":"https:\/\/sc-herrajes.com\/fr\/blog\/casa-decor-2025-un-evenement-incontournable\/#breadcrumb","itemListElement":[{"@type":"ListItem","position":1,"name":"INICIO","item":"https:\/\/sc-herrajes.com\/fr\/"},{"@type":"ListItem","position":2,"name":"Casa Decor 2025 : un \u00e9v\u00e9nement incontournable"}]},{"@type":"WebSite","@id":"https:\/\/sc-herrajes.com\/fr\/#website","url":"https:\/\/sc-herrajes.com\/fr\/","name":"SC Herrajes","description":"","potentialAction":[{"@type":"SearchAction","target":{"@type":"EntryPoint","urlTemplate":"https:\/\/sc-herrajes.com\/fr\/?s={search_term_string}"},"query-input":{"@type":"PropertyValueSpecification","valueRequired":true,"valueName":"search_term_string"}}],"inLanguage":"fr-FR"},{"@type":"Person","@id":"https:\/\/sc-herrajes.com\/fr\/#\/schema\/person\/94ecde36d79475cf4823831c7f93d38d","name":"Ana SC","image":{"@type":"ImageObject","inLanguage":"fr-FR","@id":"https:\/\/secure.gravatar.com\/avatar\/49924987cdee40c45c9d508d1c62e0676c419c8f8817b6071474b0a5abe0cabb?s=96&d=mm&r=g","url":"https:\/\/secure.gravatar.com\/avatar\/49924987cdee40c45c9d508d1c62e0676c419c8f8817b6071474b0a5abe0cabb?s=96&d=mm&r=g","contentUrl":"https:\/\/secure.gravatar.com\/avatar\/49924987cdee40c45c9d508d1c62e0676c419c8f8817b6071474b0a5abe0cabb?s=96&d=mm&r=g","caption":"Ana SC"}}]}},"_links":{"self":[{"href":"https:\/\/sc-herrajes.com\/fr\/wp-json\/wp\/v2\/posts\/26013103","targetHints":{"allow":["GET"]}}],"collection":[{"href":"https:\/\/sc-herrajes.com\/fr\/wp-json\/wp\/v2\/posts"}],"about":[{"href":"https:\/\/sc-herrajes.com\/fr\/wp-json\/wp\/v2\/types\/post"}],"author":[{"embeddable":true,"href":"https:\/\/sc-herrajes.com\/fr\/wp-json\/wp\/v2\/users\/802"}],"replies":[{"embeddable":true,"href":"https:\/\/sc-herrajes.com\/fr\/wp-json\/wp\/v2\/comments?post=26013103"}],"version-history":[{"count":2,"href":"https:\/\/sc-herrajes.com\/fr\/wp-json\/wp\/v2\/posts\/26013103\/revisions"}],"predecessor-version":[{"id":26013112,"href":"https:\/\/sc-herrajes.com\/fr\/wp-json\/wp\/v2\/posts\/26013103\/revisions\/26013112"}],"wp:featuredmedia":[{"embeddable":true,"href":"https:\/\/sc-herrajes.com\/fr\/wp-json\/wp\/v2\/media\/26013109"}],"wp:attachment":[{"href":"https:\/\/sc-herrajes.com\/fr\/wp-json\/wp\/v2\/media?parent=26013103"}],"wp:term":[{"taxonomy":"category","embeddable":true,"href":"https:\/\/sc-herrajes.com\/fr\/wp-json\/wp\/v2\/categories?post=26013103"},{"taxonomy":"post_tag","embeddable":true,"href":"https:\/\/sc-herrajes.com\/fr\/wp-json\/wp\/v2\/tags?post=26013103"},{"taxonomy":"dipi_cpt_category","embeddable":true,"href":"https:\/\/sc-herrajes.com\/fr\/wp-json\/wp\/v2\/dipi_cpt_category?post=26013103"}],"curies":[{"name":"wp","href":"https:\/\/api.w.org\/{rel}","templated":true}]}}